{"id":1350,"date":"2020-07-14T12:15:00","date_gmt":"2020-07-14T10:15:00","guid":{"rendered":"https:\/\/hs-emsbueren.de\/?p=1350"},"modified":"2020-07-16T07:56:34","modified_gmt":"2020-07-16T05:56:34","slug":"brief-des-kultusministers-an-die-schuelerinnen-und-schueler","status":"publish","type":"post","link":"https:\/\/hs-emsbueren.de\/?p=1350","title":{"rendered":"Brief des Kultusministers an die Sch\u00fclerinnen und Sch\u00fcler"},"content":{"rendered":"\n<p>Der nieders\u00e4chsische Kultusminister hat f\u00fcr alle Sch\u00fclerinnen und Sch\u00fcler einen Brief verfasst, den man hier herunterladen kann.<\/p>\n\n\n\n<div class=\"wp-block-file\"><a href=\"https:\/\/hs-emsbueren.de\/wp-content\/uploads\/2020\/07\/Brief-Kultusministerium-an-die-Sch\u00fclerschaft.pdf\">Brief-Kultusminister-an-die-Sch\u00fclerschaft<\/a><a href=\"https:\/\/hs-emsbueren.de\/wp-content\/uploads\/2020\/07\/Brief-Kultusministerium-an-die-Sch\u00fclerschaft.pdf\" class=\"wp-block-file__button\" download>Herunterladen<\/a><\/div>\n\n\n\n<p><\/p>\n","protected":false},"excerpt":{"rendered":"<p>Der nieders\u00e4chsische Kultusminister hat f\u00fcr alle Sch\u00fclerinnen und Sch\u00fcler einen Brief verfasst, den man hier herunterladen kann.<\/p>\n","protected":false},"author":1,"featured_media":0,"comment_status":"closed","ping_status":"open","sticky":false,"template":"","format":"standard","meta":{"ngg_post_thumbnail":0,"footnotes":""},"categories":[5,4],"tags":[],"class_list":["post-1350","post","type-post","status-publish","format-standard","hentry","category-aktuelles","category-corona-covid-19"],"_links":{"self":[{"href":"https:\/\/hs-emsbueren.de\/index.php?rest_route=\/wp\/v2\/posts\/1350","targetHints":{"allow":["GET"]}}],"collection":[{"href":"https:\/\/hs-emsbueren.de\/index.php?rest_route=\/wp\/v2\/posts"}],"about":[{"href":"https:\/\/hs-emsbueren.de\/index.php?rest_route=\/wp\/v2\/types\/post"}],"author":[{"embeddable":true,"href":"https:\/\/hs-emsbueren.de\/index.php?rest_route=\/wp\/v2\/users\/1"}],"replies":[{"embeddable":true,"href":"https:\/\/hs-emsbueren.de\/index.php?rest_route=%2Fwp%2Fv2%2Fcomments&post=1350"}],"version-history":[{"count":1,"href":"https:\/\/hs-emsbueren.de\/index.php?rest_route=\/wp\/v2\/posts\/1350\/revisions"}],"predecessor-version":[{"id":1352,"href":"https:\/\/hs-emsbueren.de\/index.php?rest_route=\/wp\/v2\/posts\/1350\/revisions\/1352"}],"wp:attachment":[{"href":"https:\/\/hs-emsbueren.de\/index.php?rest_route=%2Fwp%2Fv2%2Fmedia&parent=1350"}],"wp:term":[{"taxonomy":"category","embeddable":true,"href":"https:\/\/hs-emsbueren.de\/index.php?rest_route=%2Fwp%2Fv2%2Fcategories&post=1350"},{"taxonomy":"post_tag","embeddable":true,"href":"https:\/\/hs-emsbueren.de\/index.php?rest_route=%2Fwp%2Fv2%2Ftags&post=1350"}],"curies":[{"name":"wp","href":"https:\/\/api.w.org\/{rel}","templated":true}]}}