{"id":1477,"date":"2020-08-29T09:14:00","date_gmt":"2020-08-29T07:14:00","guid":{"rendered":"https:\/\/hs-emsbueren.de\/?p=1477"},"modified":"2020-09-09T09:15:12","modified_gmt":"2020-09-09T07:15:12","slug":"8-emsbuerener-ausbildungsplatzboerse-abgesagt","status":"publish","type":"post","link":"https:\/\/hs-emsbueren.de\/?p=1477","title":{"rendered":"8. Emsb\u00fcrener Ausbildungsplatzb\u00f6rse abgesagt!"},"content":{"rendered":"\n<div class=\"wp-block-image\"><figure class=\"alignright size-large is-resized\"><img loading=\"lazy\" decoding=\"async\" src=\"https:\/\/hs-emsbueren.de\/wp-content\/uploads\/2020\/09\/Plakat-Absage-8.ABB_-1.png\" alt=\"\" class=\"wp-image-1480\" width=\"290\" height=\"408\" srcset=\"https:\/\/hs-emsbueren.de\/wp-content\/uploads\/2020\/09\/Plakat-Absage-8.ABB_-1.png 558w, https:\/\/hs-emsbueren.de\/wp-content\/uploads\/2020\/09\/Plakat-Absage-8.ABB_-1-213x300.png 213w\" sizes=\"auto, (max-width: 290px) 100vw, 290px\" \/><\/figure><\/div>\n\n\n\n<p>Das Organisationsteam der <strong><span class=\"has-inline-color has-luminous-vivid-amber-color\">H<\/span><span class=\"has-inline-color has-vivid-cyan-blue-color\">S<\/span><span class=\"has-inline-color has-vivid-red-color\">E<\/span><\/strong> und Liudger-Realschule hat sich nach intensiven Beratungen dazu entschlossen, die 8. Emsb\u00fcrener Ausbildungsplatzb\u00f6rse am 24. September <strong><u>nicht<\/u><\/strong> stattfinden zu lassen. Eine schwierig zu handhabende Organisation, sowie unterschiedliche Modelle, in der wir die breite \u00d6ffentlichkeit nicht ber\u00fccksichtigen k\u00f6nnten, als auch die in letzter Zeit ansteigenden Infektionszahlen sind der Anlass f\u00fcr diese Entscheidung. Wir bitten um Verst\u00e4ndnis und hoffen darauf, sie im kommenden Jahr wie gewohnt durchf\u00fchren zu k\u00f6nnen.<\/p>\n","protected":false},"excerpt":{"rendered":"<p>Das Organisationsteam der HSE und Liudger-Realschule hat sich nach intensiven Beratungen dazu entschlossen, die 8. Emsb\u00fcrener Ausbildungsplatzb\u00f6rse am 24. September nicht stattfinden zu lassen. Eine schwierig zu handhabende Organisation, sowie unterschiedliche Modelle, in der wir die breite \u00d6ffentlichkeit nicht ber\u00fccksichtigen k\u00f6nnten, als auch die in letzter Zeit ansteigenden Infektionszahlen sind der Anlass f\u00fcr diese Entscheidung. [&hellip;]<\/p>\n","protected":false},"author":1,"featured_media":0,"comment_status":"open","ping_status":"open","sticky":false,"template":"","format":"standard","meta":{"ngg_post_thumbnail":0,"footnotes":""},"categories":[10],"tags":[],"class_list":["post-1477","post","type-post","status-publish","format-standard","hentry","category-veranstaltungen"],"_links":{"self":[{"href":"https:\/\/hs-emsbueren.de\/index.php?rest_route=\/wp\/v2\/posts\/1477","targetHints":{"allow":["GET"]}}],"collection":[{"href":"https:\/\/hs-emsbueren.de\/index.php?rest_route=\/wp\/v2\/posts"}],"about":[{"href":"https:\/\/hs-emsbueren.de\/index.php?rest_route=\/wp\/v2\/types\/post"}],"author":[{"embeddable":true,"href":"https:\/\/hs-emsbueren.de\/index.php?rest_route=\/wp\/v2\/users\/1"}],"replies":[{"embeddable":true,"href":"https:\/\/hs-emsbueren.de\/index.php?rest_route=%2Fwp%2Fv2%2Fcomments&post=1477"}],"version-history":[{"count":4,"href":"https:\/\/hs-emsbueren.de\/index.php?rest_route=\/wp\/v2\/posts\/1477\/revisions"}],"predecessor-version":[{"id":1483,"href":"https:\/\/hs-emsbueren.de\/index.php?rest_route=\/wp\/v2\/posts\/1477\/revisions\/1483"}],"wp:attachment":[{"href":"https:\/\/hs-emsbueren.de\/index.php?rest_route=%2Fwp%2Fv2%2Fmedia&parent=1477"}],"wp:term":[{"taxonomy":"category","embeddable":true,"href":"https:\/\/hs-emsbueren.de\/index.php?rest_route=%2Fwp%2Fv2%2Fcategories&post=1477"},{"taxonomy":"post_tag","embeddable":true,"href":"https:\/\/hs-emsbueren.de\/index.php?rest_route=%2Fwp%2Fv2%2Ftags&post=1477"}],"curies":[{"name":"wp","href":"https:\/\/api.w.org\/{rel}","templated":true}]}}