{"id":1622,"date":"2020-10-06T09:22:41","date_gmt":"2020-10-06T07:22:41","guid":{"rendered":"https:\/\/hs-emsbueren.de\/?p=1622"},"modified":"2020-10-06T12:17:44","modified_gmt":"2020-10-06T10:17:44","slug":"kostenlose-herbstferienfreizeit-im-lwh","status":"publish","type":"post","link":"https:\/\/hs-emsbueren.de\/?p=1622","title":{"rendered":"Kostenlose Herbstferienfreizeit im LWH"},"content":{"rendered":"\n<p>Die Herbstferien stehen vor der T\u00fcr. Sehr kurzfristig hat sich die Gelegenheit ergeben, dass das LWH (Ludwig Windthorst Haus) f\u00fcr Sch\u00fclerinnen und Sch\u00fcler von 9 bis 13 Jahren eine kostenlose Herbstferienfreizeit anbieten kann. Das Land Niedersachsen stellt wie schon in den Sommerferien im Projekt \u201eLernR\u00e4ume\u201c Mittel f\u00fcr freiwillige, au\u00dferschulische Bildungs- und Freizeitangebote zur Verf\u00fcgung. In den Herbstferien m\u00f6chte man auch im Ludwig-Windthorst-Haus in Lingen ein solches Angebot machen.<\/p>\n\n\n\n<p><strong><a rel=\"noreferrer noopener\" href=\"https:\/\/www.lwh.de\/index.php?id=386637\" target=\"_blank\">Hier<\/a><\/strong> geht es zum Angebot.<\/p>\n","protected":false},"excerpt":{"rendered":"<p>Die Herbstferien stehen vor der T\u00fcr. Sehr kurzfristig hat sich die Gelegenheit ergeben, dass das LWH (Ludwig Windthorst Haus) f\u00fcr Sch\u00fclerinnen und Sch\u00fcler von 9 bis 13 Jahren eine kostenlose Herbstferienfreizeit anbieten kann. Das Land Niedersachsen stellt wie schon in den Sommerferien im Projekt \u201eLernR\u00e4ume\u201c Mittel f\u00fcr freiwillige, au\u00dferschulische Bildungs- und Freizeitangebote zur Verf\u00fcgung. In [&hellip;]<\/p>\n","protected":false},"author":1,"featured_media":0,"comment_status":"open","ping_status":"open","sticky":false,"template":"","format":"standard","meta":{"ngg_post_thumbnail":0,"footnotes":""},"categories":[5,10],"tags":[],"class_list":["post-1622","post","type-post","status-publish","format-standard","hentry","category-aktuelles","category-veranstaltungen"],"_links":{"self":[{"href":"https:\/\/hs-emsbueren.de\/index.php?rest_route=\/wp\/v2\/posts\/1622","targetHints":{"allow":["GET"]}}],"collection":[{"href":"https:\/\/hs-emsbueren.de\/index.php?rest_route=\/wp\/v2\/posts"}],"about":[{"href":"https:\/\/hs-emsbueren.de\/index.php?rest_route=\/wp\/v2\/types\/post"}],"author":[{"embeddable":true,"href":"https:\/\/hs-emsbueren.de\/index.php?rest_route=\/wp\/v2\/users\/1"}],"replies":[{"embeddable":true,"href":"https:\/\/hs-emsbueren.de\/index.php?rest_route=%2Fwp%2Fv2%2Fcomments&post=1622"}],"version-history":[{"count":2,"href":"https:\/\/hs-emsbueren.de\/index.php?rest_route=\/wp\/v2\/posts\/1622\/revisions"}],"predecessor-version":[{"id":1624,"href":"https:\/\/hs-emsbueren.de\/index.php?rest_route=\/wp\/v2\/posts\/1622\/revisions\/1624"}],"wp:attachment":[{"href":"https:\/\/hs-emsbueren.de\/index.php?rest_route=%2Fwp%2Fv2%2Fmedia&parent=1622"}],"wp:term":[{"taxonomy":"category","embeddable":true,"href":"https:\/\/hs-emsbueren.de\/index.php?rest_route=%2Fwp%2Fv2%2Fcategories&post=1622"},{"taxonomy":"post_tag","embeddable":true,"href":"https:\/\/hs-emsbueren.de\/index.php?rest_route=%2Fwp%2Fv2%2Ftags&post=1622"}],"curies":[{"name":"wp","href":"https:\/\/api.w.org\/{rel}","templated":true}]}}