{"id":1672,"date":"2020-10-08T12:46:06","date_gmt":"2020-10-08T10:46:06","guid":{"rendered":"https:\/\/hs-emsbueren.de\/?p=1672"},"modified":"2020-10-08T12:46:08","modified_gmt":"2020-10-08T10:46:08","slug":"brief-des-niedersaechsischen-kultusministers-an-die-schueler","status":"publish","type":"post","link":"https:\/\/hs-emsbueren.de\/?p=1672","title":{"rendered":"Brief des Nieders\u00e4chsischen Kultusministers an die Sch\u00fcler"},"content":{"rendered":"\n<p>Der Nieders\u00e4chsische Kultusminister richtet sich in einem Brief  vor den Herbstferien an alle Sch\u00fclerinnen und Sch\u00fcler. <\/p>\n\n\n\n<div class=\"wp-block-file\"><a href=\"https:\/\/hs-emsbueren.de\/wp-content\/uploads\/2020\/10\/2020-10-07_Brief_an_SuS_Sek_I.pdf\">2020-10-07_Brief_an_SuS_Sek_I<\/a><a href=\"https:\/\/hs-emsbueren.de\/wp-content\/uploads\/2020\/10\/2020-10-07_Brief_an_SuS_Sek_I.pdf\" class=\"wp-block-file__button\" download>Herunterladen<\/a><\/div>\n","protected":false},"excerpt":{"rendered":"<p>Der Nieders\u00e4chsische Kultusminister richtet sich in einem Brief vor den Herbstferien an alle Sch\u00fclerinnen und Sch\u00fcler.<\/p>\n","protected":false},"author":1,"featured_media":0,"comment_status":"open","ping_status":"open","sticky":false,"template":"","format":"standard","meta":{"ngg_post_thumbnail":0,"footnotes":""},"categories":[5,4],"tags":[],"class_list":["post-1672","post","type-post","status-publish","format-standard","hentry","category-aktuelles","category-corona-covid-19"],"_links":{"self":[{"href":"https:\/\/hs-emsbueren.de\/index.php?rest_route=\/wp\/v2\/posts\/1672","targetHints":{"allow":["GET"]}}],"collection":[{"href":"https:\/\/hs-emsbueren.de\/index.php?rest_route=\/wp\/v2\/posts"}],"about":[{"href":"https:\/\/hs-emsbueren.de\/index.php?rest_route=\/wp\/v2\/types\/post"}],"author":[{"embeddable":true,"href":"https:\/\/hs-emsbueren.de\/index.php?rest_route=\/wp\/v2\/users\/1"}],"replies":[{"embeddable":true,"href":"https:\/\/hs-emsbueren.de\/index.php?rest_route=%2Fwp%2Fv2%2Fcomments&post=1672"}],"version-history":[{"count":1,"href":"https:\/\/hs-emsbueren.de\/index.php?rest_route=\/wp\/v2\/posts\/1672\/revisions"}],"predecessor-version":[{"id":1674,"href":"https:\/\/hs-emsbueren.de\/index.php?rest_route=\/wp\/v2\/posts\/1672\/revisions\/1674"}],"wp:attachment":[{"href":"https:\/\/hs-emsbueren.de\/index.php?rest_route=%2Fwp%2Fv2%2Fmedia&parent=1672"}],"wp:term":[{"taxonomy":"category","embeddable":true,"href":"https:\/\/hs-emsbueren.de\/index.php?rest_route=%2Fwp%2Fv2%2Fcategories&post=1672"},{"taxonomy":"post_tag","embeddable":true,"href":"https:\/\/hs-emsbueren.de\/index.php?rest_route=%2Fwp%2Fv2%2Ftags&post=1672"}],"curies":[{"name":"wp","href":"https:\/\/api.w.org\/{rel}","templated":true}]}}