{"id":1695,"date":"2020-10-23T13:48:38","date_gmt":"2020-10-23T11:48:38","guid":{"rendered":"https:\/\/hs-emsbueren.de\/?p=1695"},"modified":"2020-10-24T11:31:49","modified_gmt":"2020-10-24T09:31:49","slug":"wichtige-informationen-zum-schulstart-nach-den-herbstferien","status":"publish","type":"post","link":"https:\/\/hs-emsbueren.de\/?p=1695","title":{"rendered":"Wichtige Informationen zum Schulstart nach den Herbstferien"},"content":{"rendered":"\n<p>Wir hoffen, dass alle Sch\u00fclerinnen und Sch\u00fcler erholsame Herbstferien hatten. In den zur\u00fcckliegenden Wochen sind die Infektionswerte auch im Landkreis Emsland stark angestiegen. Aus diesem Grunde haben sich die Schulleitungen der <strong><span class=\"has-inline-color has-luminous-vivid-amber-color\">H<\/span><span class=\"has-inline-color has-vivid-cyan-blue-color\">S<\/span><span class=\"has-inline-color has-vivid-red-color\">E<\/span><\/strong> und der Liudger-Realschule, Frau Schnieder und Herr Pieper darauf verst\u00e4ndigt, dass mit dem Schulstart ab Montag auch eine <strong>Maskenpflicht  (Mund-Nasen-Schutz) im Unterricht<\/strong> gilt. F\u00fcr unsere Sch\u00fclerinnen und Sch\u00fcler bedeutet dies, dass sie pro Tag 2-3 MNS-Masken dabei haben! Wir w\u00fcnschen allen einen guten Schulstart.<\/p>\n\n\n\n<p><strong>Update 24.10.<\/strong> Der Landkreis Emsland verf\u00fcgt mit dem Schulstart eine Maskenpflicht w\u00e4hrend des Unterrichts!<\/p>\n\n\n\n<figure class=\"wp-block-image size-large\"><img loading=\"lazy\" decoding=\"async\" width=\"422\" height=\"1024\" src=\"https:\/\/hs-emsbueren.de\/wp-content\/uploads\/2020\/10\/landkreis-emsland-24.10.2020-422x1024.jpg\" alt=\"\" class=\"wp-image-1705\" srcset=\"https:\/\/hs-emsbueren.de\/wp-content\/uploads\/2020\/10\/landkreis-emsland-24.10.2020-422x1024.jpg 422w, https:\/\/hs-emsbueren.de\/wp-content\/uploads\/2020\/10\/landkreis-emsland-24.10.2020-124x300.jpg 124w, https:\/\/hs-emsbueren.de\/wp-content\/uploads\/2020\/10\/landkreis-emsland-24.10.2020-768x1862.jpg 768w, https:\/\/hs-emsbueren.de\/wp-content\/uploads\/2020\/10\/landkreis-emsland-24.10.2020-845x2048.jpg 845w, https:\/\/hs-emsbueren.de\/wp-content\/uploads\/2020\/10\/landkreis-emsland-24.10.2020.jpg 893w\" sizes=\"auto, (max-width: 422px) 100vw, 422px\" \/><\/figure>\n\n\n\n<p><\/p>\n\n\n\n<p>Den aktuellen Eltern- und einen Sch\u00fclerbrief von unserem Kultusminister kann man hier herunterladen.<\/p>\n\n\n\n<div class=\"wp-block-file\"><a href=\"https:\/\/hs-emsbueren.de\/wp-content\/uploads\/2020\/10\/Brief-an-die-Eltern-Kultusministerium-22.10.2020.pdf\">Brief-an-die-Eltern-Kultusministerium-22.10.2020<\/a><a href=\"https:\/\/hs-emsbueren.de\/wp-content\/uploads\/2020\/10\/Brief-an-die-Eltern-Kultusministerium-22.10.2020.pdf\" class=\"wp-block-file__button\" download>Herunterladen<\/a><\/div>\n\n\n\n<div class=\"wp-block-file\"><a href=\"https:\/\/hs-emsbueren.de\/wp-content\/uploads\/2020\/10\/Brief-an-die-Schuelerinnen-und-Schueler-Kultusministerium-22.10.2020.pdf\">Brief-an-die-Schuelerinnen-und-Schueler-Kultusministerium-22.10.2020<\/a><a href=\"https:\/\/hs-emsbueren.de\/wp-content\/uploads\/2020\/10\/Brief-an-die-Schuelerinnen-und-Schueler-Kultusministerium-22.10.2020.pdf\" class=\"wp-block-file__button\" download>Herunterladen<\/a><\/div>\n","protected":false},"excerpt":{"rendered":"<p>Wir hoffen, dass alle Sch\u00fclerinnen und Sch\u00fcler erholsame Herbstferien hatten. In den zur\u00fcckliegenden Wochen sind die Infektionswerte auch im Landkreis Emsland stark angestiegen. Aus diesem Grunde haben sich die Schulleitungen der HSE und der Liudger-Realschule, Frau Schnieder und Herr Pieper darauf verst\u00e4ndigt, dass mit dem Schulstart ab Montag auch eine Maskenpflicht (Mund-Nasen-Schutz) im Unterricht gilt. [&hellip;]<\/p>\n","protected":false},"author":1,"featured_media":0,"comment_status":"closed","ping_status":"open","sticky":false,"template":"","format":"standard","meta":{"ngg_post_thumbnail":0,"footnotes":""},"categories":[5,4],"tags":[],"class_list":["post-1695","post","type-post","status-publish","format-standard","hentry","category-aktuelles","category-corona-covid-19"],"_links":{"self":[{"href":"https:\/\/hs-emsbueren.de\/index.php?rest_route=\/wp\/v2\/posts\/1695","targetHints":{"allow":["GET"]}}],"collection":[{"href":"https:\/\/hs-emsbueren.de\/index.php?rest_route=\/wp\/v2\/posts"}],"about":[{"href":"https:\/\/hs-emsbueren.de\/index.php?rest_route=\/wp\/v2\/types\/post"}],"author":[{"embeddable":true,"href":"https:\/\/hs-emsbueren.de\/index.php?rest_route=\/wp\/v2\/users\/1"}],"replies":[{"embeddable":true,"href":"https:\/\/hs-emsbueren.de\/index.php?rest_route=%2Fwp%2Fv2%2Fcomments&post=1695"}],"version-history":[{"count":3,"href":"https:\/\/hs-emsbueren.de\/index.php?rest_route=\/wp\/v2\/posts\/1695\/revisions"}],"predecessor-version":[{"id":1708,"href":"https:\/\/hs-emsbueren.de\/index.php?rest_route=\/wp\/v2\/posts\/1695\/revisions\/1708"}],"wp:attachment":[{"href":"https:\/\/hs-emsbueren.de\/index.php?rest_route=%2Fwp%2Fv2%2Fmedia&parent=1695"}],"wp:term":[{"taxonomy":"category","embeddable":true,"href":"https:\/\/hs-emsbueren.de\/index.php?rest_route=%2Fwp%2Fv2%2Fcategories&post=1695"},{"taxonomy":"post_tag","embeddable":true,"href":"https:\/\/hs-emsbueren.de\/index.php?rest_route=%2Fwp%2Fv2%2Ftags&post=1695"}],"curies":[{"name":"wp","href":"https:\/\/api.w.org\/{rel}","templated":true}]}}