{"id":1888,"date":"2020-12-10T11:57:48","date_gmt":"2020-12-10T09:57:48","guid":{"rendered":"https:\/\/hs-emsbueren.de\/?p=1888"},"modified":"2020-12-11T18:33:26","modified_gmt":"2020-12-11T16:33:26","slug":"sportersatzunterricht-in-corona-zeiten","status":"publish","type":"post","link":"https:\/\/hs-emsbueren.de\/?p=1888","title":{"rendered":"Sport(ersatz)unterricht in Corona-Zeiten"},"content":{"rendered":"\n<p>Leider ist der praktische Sportunterricht seit einigen Wochen durch den Landkreis Emsland untersagt worden. Das Verbot gilt zun\u00e4chst bis zum 10. Januar 2020. Das finden wir Sportlehrer zwar vern\u00fcnftig, aber gleichzeitig sehr bedauerlich. Den Sch\u00fclerinnen und Sch\u00fclern fehlt in dieser ohnehin schon schwierigen Zeit k\u00f6rperlicher Ausgleich.<\/p>\n\n\n\n<p>F\u00fcr uns stand allerdings gleich fest, dass weitere theoretische Stunden mit Masken im Klassenraum nicht in Frage kommen \u2013 zu wichtig ist t\u00e4gliche Bewegungszeit f\u00fcr Kinder und Jugendliche in diesem Alter. Bewegung an der frischen Luft st\u00e4rkt zudem das Abwehrsystem, in Coronazeiten wohl besonders wichtig.<\/p>\n\n\n\n<p>Mit dem offiziellen OK der Landesschulbeh\u00f6rde unternehmen wir nun kleinere und gr\u00f6\u00dfere Wanderungen, bei denen die Sch\u00fclerinnen und Sch\u00fcler auch einmal die Gelegenheit haben, ihre Masken abzunehmen. Wir organisieren Schulhofspiele, die zum Teil schon lange nicht mehr gespielt worden sind, die aber wieder gro\u00dfen Anklang finden (Verstecken mit Anschlag, Pott-weg, Laufspiele, Gummitwist, Seilchenspringen, Ballspiele mit Abstand, Versteckspiele im nahegelegenen Dunkernwald u.a.). So hat eine Fotorallye \u00fcber unser Schulgel\u00e4nde in allen Jahrg\u00e4ngen gro\u00dfen Anklang gefunden (s. Foto).<\/p>\n\n\n\n<p>An dieser Stelle sei unseren Sch\u00fclerinnen und Sch\u00fclern ein gro\u00dfes Lob ausgesprochen, die auch widrigeren Wetterbedingungen trotzen und sogar in der ersten, noch dunklen Stunde bei Nieselregen schon nach drau\u00dfen wollen.<\/p>\n\n\n\n<p>Regnet es dann doch einmal zu stark, bet\u00e4tigen wir uns kreativ und basteln Weihnachtsdekoration f\u00fcr unsere Schule. Wir haben ein Schulmemory mit selbstgemachten Fotos erstellt oder Gesellschaftsspiele gespielt, die das Miteinander f\u00f6rdern. Sicherlich k\u00f6nnte man sich die Frage stellen, warum die freien Sportstunden nicht f\u00fcr zus\u00e4tzlichen F\u00f6rderunterricht in den Hauptf\u00e4chern genutzt wird. Unsere Meinung: Raum f\u00fcr k\u00f6rperlichen Ausgleich ist f\u00fcr jeden Menschen wichtig und wirkt, in den Unterrichtsalltag eingebaut, nachweislich konzentrationssteigernd. Die \u00fcbrigen Unterrichtsstunden k\u00f6nnen so wesentlich effektiver genutzt werden. Schlie\u00dflich sind die Sch\u00fclerinnen und Sch\u00fcler durch das st\u00e4ndige Tragen der Masken schon belastet genug. <em><span class=\"has-inline-color has-vivid-cyan-blue-color\">Christina Rolink<\/span><\/em><\/p>\n\n\n\n<figure class=\"wp-block-image size-large\"><img loading=\"lazy\" decoding=\"async\" width=\"1024\" height=\"576\" src=\"https:\/\/hs-emsbueren.de\/wp-content\/uploads\/2020\/12\/DSC03188-1024x576.jpg\" alt=\"\" class=\"wp-image-1896\" srcset=\"https:\/\/hs-emsbueren.de\/wp-content\/uploads\/2020\/12\/DSC03188-1024x576.jpg 1024w, https:\/\/hs-emsbueren.de\/wp-content\/uploads\/2020\/12\/DSC03188-300x169.jpg 300w, https:\/\/hs-emsbueren.de\/wp-content\/uploads\/2020\/12\/DSC03188-768x432.jpg 768w, https:\/\/hs-emsbueren.de\/wp-content\/uploads\/2020\/12\/DSC03188-2048x1151.jpg 2048w, https:\/\/hs-emsbueren.de\/wp-content\/uploads\/2020\/12\/DSC03188-400x225.jpg 400w\" sizes=\"auto, (max-width: 1024px) 100vw, 1024px\" \/><figcaption>Bei der Fotorallye hei\u00dft es&#8230; <\/figcaption><\/figure>\n\n\n\n<figure class=\"wp-block-image size-large\"><img loading=\"lazy\" decoding=\"async\" width=\"1024\" height=\"576\" src=\"https:\/\/hs-emsbueren.de\/wp-content\/uploads\/2020\/12\/DSC03189-1024x576.jpg\" alt=\"\" class=\"wp-image-1898\" srcset=\"https:\/\/hs-emsbueren.de\/wp-content\/uploads\/2020\/12\/DSC03189-1024x576.jpg 1024w, https:\/\/hs-emsbueren.de\/wp-content\/uploads\/2020\/12\/DSC03189-300x169.jpg 300w, https:\/\/hs-emsbueren.de\/wp-content\/uploads\/2020\/12\/DSC03189-768x432.jpg 768w, https:\/\/hs-emsbueren.de\/wp-content\/uploads\/2020\/12\/DSC03189-2048x1151.jpg 2048w, https:\/\/hs-emsbueren.de\/wp-content\/uploads\/2020\/12\/DSC03189-400x225.jpg 400w\" sizes=\"auto, (max-width: 1024px) 100vw, 1024px\" \/><figcaption>&#8230;suchen, finden und&#8230;<\/figcaption><\/figure>\n\n\n\n<figure class=\"wp-block-image size-large\"><img loading=\"lazy\" decoding=\"async\" width=\"1024\" height=\"576\" src=\"https:\/\/hs-emsbueren.de\/wp-content\/uploads\/2020\/12\/DSC03187-1024x576.jpg\" alt=\"\" class=\"wp-image-1897\" srcset=\"https:\/\/hs-emsbueren.de\/wp-content\/uploads\/2020\/12\/DSC03187-1024x576.jpg 1024w, https:\/\/hs-emsbueren.de\/wp-content\/uploads\/2020\/12\/DSC03187-300x169.jpg 300w, https:\/\/hs-emsbueren.de\/wp-content\/uploads\/2020\/12\/DSC03187-768x432.jpg 768w, https:\/\/hs-emsbueren.de\/wp-content\/uploads\/2020\/12\/DSC03187-2048x1151.jpg 2048w, https:\/\/hs-emsbueren.de\/wp-content\/uploads\/2020\/12\/DSC03187-400x225.jpg 400w\" sizes=\"auto, (max-width: 1024px) 100vw, 1024px\" \/><figcaption>&#8230;vergleichen<\/figcaption><\/figure>\n","protected":false},"excerpt":{"rendered":"<p>Leider ist der praktische Sportunterricht seit einigen Wochen durch den Landkreis Emsland untersagt worden. Das Verbot gilt zun\u00e4chst bis zum 10. Januar 2020. Das finden wir Sportlehrer zwar vern\u00fcnftig, aber gleichzeitig sehr bedauerlich. Den Sch\u00fclerinnen und Sch\u00fclern fehlt in dieser ohnehin schon schwierigen Zeit k\u00f6rperlicher Ausgleich. F\u00fcr uns stand allerdings gleich fest, dass weitere theoretische [&hellip;]<\/p>\n","protected":false},"author":1,"featured_media":0,"comment_status":"closed","ping_status":"closed","sticky":false,"template":"","format":"standard","meta":{"ngg_post_thumbnail":0,"footnotes":""},"categories":[5,4],"tags":[],"class_list":["post-1888","post","type-post","status-publish","format-standard","hentry","category-aktuelles","category-corona-covid-19"],"_links":{"self":[{"href":"https:\/\/hs-emsbueren.de\/index.php?rest_route=\/wp\/v2\/posts\/1888","targetHints":{"allow":["GET"]}}],"collection":[{"href":"https:\/\/hs-emsbueren.de\/index.php?rest_route=\/wp\/v2\/posts"}],"about":[{"href":"https:\/\/hs-emsbueren.de\/index.php?rest_route=\/wp\/v2\/types\/post"}],"author":[{"embeddable":true,"href":"https:\/\/hs-emsbueren.de\/index.php?rest_route=\/wp\/v2\/users\/1"}],"replies":[{"embeddable":true,"href":"https:\/\/hs-emsbueren.de\/index.php?rest_route=%2Fwp%2Fv2%2Fcomments&post=1888"}],"version-history":[{"count":3,"href":"https:\/\/hs-emsbueren.de\/index.php?rest_route=\/wp\/v2\/posts\/1888\/revisions"}],"predecessor-version":[{"id":1923,"href":"https:\/\/hs-emsbueren.de\/index.php?rest_route=\/wp\/v2\/posts\/1888\/revisions\/1923"}],"wp:attachment":[{"href":"https:\/\/hs-emsbueren.de\/index.php?rest_route=%2Fwp%2Fv2%2Fmedia&parent=1888"}],"wp:term":[{"taxonomy":"category","embeddable":true,"href":"https:\/\/hs-emsbueren.de\/index.php?rest_route=%2Fwp%2Fv2%2Fcategories&post=1888"},{"taxonomy":"post_tag","embeddable":true,"href":"https:\/\/hs-emsbueren.de\/index.php?rest_route=%2Fwp%2Fv2%2Ftags&post=1888"}],"curies":[{"name":"wp","href":"https:\/\/api.w.org\/{rel}","templated":true}]}}