{"id":1890,"date":"2020-12-09T14:52:42","date_gmt":"2020-12-09T12:52:42","guid":{"rendered":"https:\/\/hs-emsbueren.de\/?p=1890"},"modified":"2020-12-10T07:44:28","modified_gmt":"2020-12-10T05:44:28","slug":"logo-hse-ziert-die-schulfassade","status":"publish","type":"post","link":"https:\/\/hs-emsbueren.de\/?p=1890","title":{"rendered":"Logo HSE ziert die Schulfassade"},"content":{"rendered":"\n<p>Unser Logo in Form der 3 Buchstaben <strong><span class=\"has-inline-color has-luminous-vivid-amber-color\">H<\/span><span class=\"has-inline-color has-vivid-cyan-blue-color\">S<\/span><span class=\"has-inline-color has-vivid-red-color\">E<\/span><\/strong> ziert jetzt unsere Schulfassade in H\u00f6he des Eingangs zum Altbau. Hierzu hat ein Kleinteam unserer Schule ges\u00e4gt, lackiert und gemalt. Wir sind der Meinung, dass sich das Ergebnis sehen l\u00e4sst!<\/p>\n\n\n\n<figure class=\"wp-block-image size-large\"><img loading=\"lazy\" decoding=\"async\" width=\"1024\" height=\"576\" src=\"https:\/\/hs-emsbueren.de\/wp-content\/uploads\/2020\/12\/HSE-Wand1-1024x576.jpg\" alt=\"\" class=\"wp-image-1891\" srcset=\"https:\/\/hs-emsbueren.de\/wp-content\/uploads\/2020\/12\/HSE-Wand1-1024x576.jpg 1024w, https:\/\/hs-emsbueren.de\/wp-content\/uploads\/2020\/12\/HSE-Wand1-300x169.jpg 300w, https:\/\/hs-emsbueren.de\/wp-content\/uploads\/2020\/12\/HSE-Wand1-768x432.jpg 768w, https:\/\/hs-emsbueren.de\/wp-content\/uploads\/2020\/12\/HSE-Wand1-2048x1151.jpg 2048w, https:\/\/hs-emsbueren.de\/wp-content\/uploads\/2020\/12\/HSE-Wand1-400x225.jpg 400w\" sizes=\"auto, (max-width: 1024px) 100vw, 1024px\" \/><figcaption>Letzte Handgriffe&#8230;<\/figcaption><\/figure>\n\n\n\n<figure class=\"wp-block-image size-large\"><img loading=\"lazy\" decoding=\"async\" width=\"1024\" height=\"576\" src=\"https:\/\/hs-emsbueren.de\/wp-content\/uploads\/2020\/12\/HSE-Wand2-1024x576.jpg\" alt=\"\" class=\"wp-image-1892\" srcset=\"https:\/\/hs-emsbueren.de\/wp-content\/uploads\/2020\/12\/HSE-Wand2-1024x576.jpg 1024w, https:\/\/hs-emsbueren.de\/wp-content\/uploads\/2020\/12\/HSE-Wand2-300x169.jpg 300w, https:\/\/hs-emsbueren.de\/wp-content\/uploads\/2020\/12\/HSE-Wand2-768x432.jpg 768w, https:\/\/hs-emsbueren.de\/wp-content\/uploads\/2020\/12\/HSE-Wand2-2048x1151.jpg 2048w, https:\/\/hs-emsbueren.de\/wp-content\/uploads\/2020\/12\/HSE-Wand2-400x225.jpg 400w\" sizes=\"auto, (max-width: 1024px) 100vw, 1024px\" \/><figcaption>&#8230;und fertig!<\/figcaption><\/figure>\n\n\n\n<p><\/p>\n","protected":false},"excerpt":{"rendered":"<p>Unser Logo in Form der 3 Buchstaben HSE ziert jetzt unsere Schulfassade in H\u00f6he des Eingangs zum Altbau. Hierzu hat ein Kleinteam unserer Schule ges\u00e4gt, lackiert und gemalt. Wir sind der Meinung, dass sich das Ergebnis sehen l\u00e4sst!<\/p>\n","protected":false},"author":1,"featured_media":0,"comment_status":"closed","ping_status":"closed","sticky":false,"template":"","format":"standard","meta":{"ngg_post_thumbnail":0,"footnotes":""},"categories":[5],"tags":[],"class_list":["post-1890","post","type-post","status-publish","format-standard","hentry","category-aktuelles"],"_links":{"self":[{"href":"https:\/\/hs-emsbueren.de\/index.php?rest_route=\/wp\/v2\/posts\/1890","targetHints":{"allow":["GET"]}}],"collection":[{"href":"https:\/\/hs-emsbueren.de\/index.php?rest_route=\/wp\/v2\/posts"}],"about":[{"href":"https:\/\/hs-emsbueren.de\/index.php?rest_route=\/wp\/v2\/types\/post"}],"author":[{"embeddable":true,"href":"https:\/\/hs-emsbueren.de\/index.php?rest_route=\/wp\/v2\/users\/1"}],"replies":[{"embeddable":true,"href":"https:\/\/hs-emsbueren.de\/index.php?rest_route=%2Fwp%2Fv2%2Fcomments&post=1890"}],"version-history":[{"count":2,"href":"https:\/\/hs-emsbueren.de\/index.php?rest_route=\/wp\/v2\/posts\/1890\/revisions"}],"predecessor-version":[{"id":1894,"href":"https:\/\/hs-emsbueren.de\/index.php?rest_route=\/wp\/v2\/posts\/1890\/revisions\/1894"}],"wp:attachment":[{"href":"https:\/\/hs-emsbueren.de\/index.php?rest_route=%2Fwp%2Fv2%2Fmedia&parent=1890"}],"wp:term":[{"taxonomy":"category","embeddable":true,"href":"https:\/\/hs-emsbueren.de\/index.php?rest_route=%2Fwp%2Fv2%2Fcategories&post=1890"},{"taxonomy":"post_tag","embeddable":true,"href":"https:\/\/hs-emsbueren.de\/index.php?rest_route=%2Fwp%2Fv2%2Ftags&post=1890"}],"curies":[{"name":"wp","href":"https:\/\/api.w.org\/{rel}","templated":true}]}}