{"id":234,"date":"2020-03-26T10:36:00","date_gmt":"2020-03-26T10:36:00","guid":{"rendered":"http:\/\/hsemsbueren.de\/?p=234"},"modified":"2020-05-08T10:43:39","modified_gmt":"2020-05-08T10:43:39","slug":"aufruf-zur-haekelchallenge","status":"publish","type":"post","link":"https:\/\/hs-emsbueren.de\/?p=234","title":{"rendered":"Aufruf zur \u201eH\u00e4kelchallenge\u201c"},"content":{"rendered":"\n<div class=\"wp-block-image\"><figure class=\"alignright size-large is-resized\"><img loading=\"lazy\" decoding=\"async\" src=\"http:\/\/hsemsbueren.de\/wp-content\/uploads\/2020\/05\/H\u00e4kel1-1.jpg\" alt=\"\" class=\"wp-image-238\" width=\"210\" height=\"245\" srcset=\"https:\/\/hs-emsbueren.de\/wp-content\/uploads\/2020\/05\/H\u00e4kel1-1.jpg 674w, https:\/\/hs-emsbueren.de\/wp-content\/uploads\/2020\/05\/H\u00e4kel1-1-256x300.jpg 256w\" sizes=\"auto, (max-width: 210px) 100vw, 210px\" \/><figcaption>Frau Rolink und Frau Groothus rufen alle Sch\u00fclerinnen und Sch\u00fcler zur &#8222;H\u00e4kelchallenge&#8220; auf<\/figcaption><\/figure><\/div>\n\n\n\n<p>Was kann ich tun, w\u00e4hrend ich zuhause bleiben mu\u00df? \u201eMacht mit, damit wir dieser verr\u00fcckten, unterrichtsfreien Zeit ein Denkmal setzen k\u00f6nnen!\u201c fordern Frau Groothus und Frau Rolink alle Sch\u00fclerinnen und Sch\u00fcler auf. Ziel ist es, die Eiche auf dem Schulhof zu umh\u00e4keln. Jeder kann seinen Teil dazu h\u00e4kelnderweise beitragen, damit am Ende ein 20 Meter langes und 10 Zentimeter breites \u201eH\u00e4kelband\u201c zusammenkommt.<\/p>\n\n\n\n<p>Das Video und die Teilnahmebdingungen wurden euch per E-Mail auf den Schulserver unter: <a href=\"https:\/\/szemsbueren.de\/iserv\/login\">https:\/\/szemsbueren.de\/iserv\/login<\/a> zugesendet.<\/p>\n\n\n\n<p>Also: \u201eMITMACHEN!!!\u201c<\/p>\n","protected":false},"excerpt":{"rendered":"<p>Was kann ich tun, w\u00e4hrend ich zuhause bleiben mu\u00df? \u201eMacht mit, damit wir dieser verr\u00fcckten, unterrichtsfreien Zeit ein Denkmal setzen k\u00f6nnen!\u201c fordern Frau Groothus und Frau Rolink alle Sch\u00fclerinnen und Sch\u00fcler auf. Ziel ist es, die Eiche auf dem Schulhof zu umh\u00e4keln. Jeder kann seinen Teil dazu h\u00e4kelnderweise beitragen, damit am Ende ein 20 Meter [&hellip;]<\/p>\n","protected":false},"author":1,"featured_media":0,"comment_status":"closed","ping_status":"open","sticky":false,"template":"","format":"standard","meta":{"ngg_post_thumbnail":0,"footnotes":""},"categories":[4],"tags":[],"class_list":["post-234","post","type-post","status-publish","format-standard","hentry","category-corona-covid-19"],"_links":{"self":[{"href":"https:\/\/hs-emsbueren.de\/index.php?rest_route=\/wp\/v2\/posts\/234","targetHints":{"allow":["GET"]}}],"collection":[{"href":"https:\/\/hs-emsbueren.de\/index.php?rest_route=\/wp\/v2\/posts"}],"about":[{"href":"https:\/\/hs-emsbueren.de\/index.php?rest_route=\/wp\/v2\/types\/post"}],"author":[{"embeddable":true,"href":"https:\/\/hs-emsbueren.de\/index.php?rest_route=\/wp\/v2\/users\/1"}],"replies":[{"embeddable":true,"href":"https:\/\/hs-emsbueren.de\/index.php?rest_route=%2Fwp%2Fv2%2Fcomments&post=234"}],"version-history":[{"count":2,"href":"https:\/\/hs-emsbueren.de\/index.php?rest_route=\/wp\/v2\/posts\/234\/revisions"}],"predecessor-version":[{"id":240,"href":"https:\/\/hs-emsbueren.de\/index.php?rest_route=\/wp\/v2\/posts\/234\/revisions\/240"}],"wp:attachment":[{"href":"https:\/\/hs-emsbueren.de\/index.php?rest_route=%2Fwp%2Fv2%2Fmedia&parent=234"}],"wp:term":[{"taxonomy":"category","embeddable":true,"href":"https:\/\/hs-emsbueren.de\/index.php?rest_route=%2Fwp%2Fv2%2Fcategories&post=234"},{"taxonomy":"post_tag","embeddable":true,"href":"https:\/\/hs-emsbueren.de\/index.php?rest_route=%2Fwp%2Fv2%2Ftags&post=234"}],"curies":[{"name":"wp","href":"https:\/\/api.w.org\/{rel}","templated":true}]}}