{"id":2496,"date":"2021-03-22T15:33:42","date_gmt":"2021-03-22T13:33:42","guid":{"rendered":"https:\/\/hs-emsbueren.de\/?p=2496"},"modified":"2021-03-23T08:44:51","modified_gmt":"2021-03-23T06:44:51","slug":"wechselunterricht-fuer-die-jg-5-7-endet-am-23-maerz","status":"publish","type":"post","link":"https:\/\/hs-emsbueren.de\/?p=2496","title":{"rendered":"Wechselunterricht f\u00fcr die Jg. 5-7 endet am 23.M\u00e4rz"},"content":{"rendered":"\n<p>Aufgrund der hohen Infektionszahlen im Landkreis Emsland endet der Wechselunterricht f\u00fcr die Jahrg\u00e4nge 5-7 am Dienstag, 23.M\u00e4rz. Diese Jahrg\u00e4nge befinden sich ab dem 24.M\u00e4rz bis zu den Osterferien wieder im Homeschooling. Der Unterricht f\u00fcr die Abschlussklassen und eine Notbetreuung f\u00fcr die Jahrg\u00e4nge 5+6 findet weiterhin statt.<\/p>\n","protected":false},"excerpt":{"rendered":"<p>Aufgrund der hohen Infektionszahlen im Landkreis Emsland endet der Wechselunterricht f\u00fcr die Jahrg\u00e4nge 5-7 am Dienstag, 23.M\u00e4rz. Diese Jahrg\u00e4nge befinden sich ab dem 24.M\u00e4rz bis zu den Osterferien wieder im Homeschooling. Der Unterricht f\u00fcr die Abschlussklassen und eine Notbetreuung f\u00fcr die Jahrg\u00e4nge 5+6 findet weiterhin statt.<\/p>\n","protected":false},"author":1,"featured_media":0,"comment_status":"closed","ping_status":"closed","sticky":false,"template":"","format":"standard","meta":{"ngg_post_thumbnail":0,"footnotes":""},"categories":[5,4],"tags":[],"class_list":["post-2496","post","type-post","status-publish","format-standard","hentry","category-aktuelles","category-corona-covid-19"],"_links":{"self":[{"href":"https:\/\/hs-emsbueren.de\/index.php?rest_route=\/wp\/v2\/posts\/2496","targetHints":{"allow":["GET"]}}],"collection":[{"href":"https:\/\/hs-emsbueren.de\/index.php?rest_route=\/wp\/v2\/posts"}],"about":[{"href":"https:\/\/hs-emsbueren.de\/index.php?rest_route=\/wp\/v2\/types\/post"}],"author":[{"embeddable":true,"href":"https:\/\/hs-emsbueren.de\/index.php?rest_route=\/wp\/v2\/users\/1"}],"replies":[{"embeddable":true,"href":"https:\/\/hs-emsbueren.de\/index.php?rest_route=%2Fwp%2Fv2%2Fcomments&post=2496"}],"version-history":[{"count":2,"href":"https:\/\/hs-emsbueren.de\/index.php?rest_route=\/wp\/v2\/posts\/2496\/revisions"}],"predecessor-version":[{"id":2505,"href":"https:\/\/hs-emsbueren.de\/index.php?rest_route=\/wp\/v2\/posts\/2496\/revisions\/2505"}],"wp:attachment":[{"href":"https:\/\/hs-emsbueren.de\/index.php?rest_route=%2Fwp%2Fv2%2Fmedia&parent=2496"}],"wp:term":[{"taxonomy":"category","embeddable":true,"href":"https:\/\/hs-emsbueren.de\/index.php?rest_route=%2Fwp%2Fv2%2Fcategories&post=2496"},{"taxonomy":"post_tag","embeddable":true,"href":"https:\/\/hs-emsbueren.de\/index.php?rest_route=%2Fwp%2Fv2%2Ftags&post=2496"}],"curies":[{"name":"wp","href":"https:\/\/api.w.org\/{rel}","templated":true}]}}