{"id":2802,"date":"2021-07-22T09:54:00","date_gmt":"2021-07-22T07:54:00","guid":{"rendered":"https:\/\/hs-emsbueren.de\/?p=2802"},"modified":"2021-07-23T12:04:48","modified_gmt":"2021-07-23T10:04:48","slug":"wir-wuenschen-erholsame-sommerferien","status":"publish","type":"post","link":"https:\/\/hs-emsbueren.de\/?p=2802","title":{"rendered":"Wir w\u00fcnschen erholsame Sommerferien!"},"content":{"rendered":"\n<p>Ein f\u00fcr alle schwieriges Schuljahr ist beendet. Dieses war gepr\u00e4gt von &#8222;Homeschooling&#8220; mit Videokonferenzen und Unterricht in halber Klassenst\u00e4rke, von Abstand halten, Masken tragen und regelm\u00e4\u00dfigem L\u00fcften der Klassenr\u00e4ume. Mit Beginn der Sommerferien gibt es so nach und nach immer mehr &#8222;Normalit\u00e4t&#8220;. Diese w\u00fcnschen wir uns nat\u00fcrlich auch mit Beginn des neuen Schuljahres 2021\/22 im September. Wir hoffen auf Mittagessen in der Mensa und einem Ganztagsunterricht mit vielen Angeboten. Bis zum Start am 2. September hei\u00dft es jedoch: <\/p>\n\n\n\n<p>&#8222;Wir w\u00fcnschen tolle Sommertage, viel Erholung und wir sehen uns an der <strong><span class=\"has-inline-color has-luminous-vivid-amber-color\">H<\/span><span class=\"has-inline-color has-vivid-cyan-blue-color\">S<\/span><span class=\"has-inline-color has-vivid-red-color\">E<\/span><\/strong>!&#8220;  <\/p>\n","protected":false},"excerpt":{"rendered":"<p>Ein f\u00fcr alle schwieriges Schuljahr ist beendet. Dieses war gepr\u00e4gt von &#8222;Homeschooling&#8220; mit Videokonferenzen und Unterricht in halber Klassenst\u00e4rke, von Abstand halten, Masken tragen und regelm\u00e4\u00dfigem L\u00fcften der Klassenr\u00e4ume. Mit Beginn der Sommerferien gibt es so nach und nach immer mehr &#8222;Normalit\u00e4t&#8220;. Diese w\u00fcnschen wir uns nat\u00fcrlich auch mit Beginn des neuen Schuljahres 2021\/22 im [&hellip;]<\/p>\n","protected":false},"author":1,"featured_media":2804,"comment_status":"closed","ping_status":"closed","sticky":false,"template":"","format":"standard","meta":{"ngg_post_thumbnail":0,"footnotes":""},"categories":[5],"tags":[],"class_list":["post-2802","post","type-post","status-publish","format-standard","has-post-thumbnail","hentry","category-aktuelles"],"_links":{"self":[{"href":"https:\/\/hs-emsbueren.de\/index.php?rest_route=\/wp\/v2\/posts\/2802","targetHints":{"allow":["GET"]}}],"collection":[{"href":"https:\/\/hs-emsbueren.de\/index.php?rest_route=\/wp\/v2\/posts"}],"about":[{"href":"https:\/\/hs-emsbueren.de\/index.php?rest_route=\/wp\/v2\/types\/post"}],"author":[{"embeddable":true,"href":"https:\/\/hs-emsbueren.de\/index.php?rest_route=\/wp\/v2\/users\/1"}],"replies":[{"embeddable":true,"href":"https:\/\/hs-emsbueren.de\/index.php?rest_route=%2Fwp%2Fv2%2Fcomments&post=2802"}],"version-history":[{"count":4,"href":"https:\/\/hs-emsbueren.de\/index.php?rest_route=\/wp\/v2\/posts\/2802\/revisions"}],"predecessor-version":[{"id":2846,"href":"https:\/\/hs-emsbueren.de\/index.php?rest_route=\/wp\/v2\/posts\/2802\/revisions\/2846"}],"wp:featuredmedia":[{"embeddable":true,"href":"https:\/\/hs-emsbueren.de\/index.php?rest_route=\/wp\/v2\/media\/2804"}],"wp:attachment":[{"href":"https:\/\/hs-emsbueren.de\/index.php?rest_route=%2Fwp%2Fv2%2Fmedia&parent=2802"}],"wp:term":[{"taxonomy":"category","embeddable":true,"href":"https:\/\/hs-emsbueren.de\/index.php?rest_route=%2Fwp%2Fv2%2Fcategories&post=2802"},{"taxonomy":"post_tag","embeddable":true,"href":"https:\/\/hs-emsbueren.de\/index.php?rest_route=%2Fwp%2Fv2%2Ftags&post=2802"}],"curies":[{"name":"wp","href":"https:\/\/api.w.org\/{rel}","templated":true}]}}