{"id":3223,"date":"2021-12-10T21:15:15","date_gmt":"2021-12-10T19:15:15","guid":{"rendered":"https:\/\/hs-emsbueren.de\/?p=3223"},"modified":"2021-12-10T21:18:50","modified_gmt":"2021-12-10T19:18:50","slug":"neuer-brief-vom-kultusminister","status":"publish","type":"post","link":"https:\/\/hs-emsbueren.de\/?p=3223","title":{"rendered":"Neuer Brief vom Kultusminister"},"content":{"rendered":"\n<p class=\"has-text-align-left\">Hier kann der aktuelle Elternbrief des Kultusministers, sowie ein Antrag auf Befreiung von der Pr\u00e4senzpflicht<br> f\u00fcr Sch\u00fclerinnen und Sch\u00fcler im Bedarfsfall, f\u00fcr den Zeitraum vom 20. bis 22.12.2021, heruntergeladen werden.<\/p>\n\n\n\n<div data-wp-interactive=\"core\/file\" class=\"wp-block-file\"><object data-wp-bind--hidden=\"!state.hasPdfPreview\" hidden class=\"wp-block-file__embed\" data=\"https:\/\/hs-emsbueren.de\/wp-content\/uploads\/2021\/12\/10.12.2021-Elternbrief-km.pdf\" type=\"application\/pdf\" style=\"width:100%;height:600px\" aria-label=\"Einbettung von Einbettung von 10.12.2021-Elternbrief-KM..\"><\/object><a href=\"https:\/\/hs-emsbueren.de\/wp-content\/uploads\/2021\/12\/10.12.2021-Elternbrief-km.pdf\" target=\"_blank\" rel=\"noreferrer noopener\">10.12.2021-Elternbrief-KM<\/a><a href=\"https:\/\/hs-emsbueren.de\/wp-content\/uploads\/2021\/12\/10.12.2021-Elternbrief-km.pdf\" class=\"wp-block-file__button\" download>Herunterladen<\/a><\/div>\n\n\n\n<div data-wp-interactive=\"core\/file\" class=\"wp-block-file\"><object data-wp-bind--hidden=\"!state.hasPdfPreview\" hidden class=\"wp-block-file__embed\" data=\"https:\/\/hs-emsbueren.de\/wp-content\/uploads\/2021\/12\/10.12.2021-Formular-Befreiung-von-der-Praesenzpflicht.pdf\" type=\"application\/pdf\" style=\"width:100%;height:600px\" aria-label=\"Einbettung von Einbettung von 10.12.2021-Formular-Befreiung-von-der-Pr\u00e4senzpflicht..\"><\/object><a href=\"https:\/\/hs-emsbueren.de\/wp-content\/uploads\/2021\/12\/10.12.2021-Formular-Befreiung-von-der-Praesenzpflicht.pdf\" target=\"_blank\" rel=\"noreferrer noopener\">10.12.2021-Formular-Befreiung-von-der-Pr\u00e4senzpflicht<\/a><a href=\"https:\/\/hs-emsbueren.de\/wp-content\/uploads\/2021\/12\/10.12.2021-Formular-Befreiung-von-der-Praesenzpflicht.pdf\" class=\"wp-block-file__button\" download>Herunterladen<\/a><\/div>\n","protected":false},"excerpt":{"rendered":"<p>Hier kann der aktuelle Elternbrief des Kultusministers, sowie ein Antrag auf Befreiung von der Pr\u00e4senzpflicht f\u00fcr Sch\u00fclerinnen und Sch\u00fcler im Bedarfsfall, f\u00fcr den Zeitraum vom 20. bis 22.12.2021, heruntergeladen werden.<\/p>\n","protected":false},"author":1,"featured_media":0,"comment_status":"closed","ping_status":"closed","sticky":false,"template":"","format":"standard","meta":{"ngg_post_thumbnail":0,"footnotes":""},"categories":[5,4],"tags":[],"class_list":["post-3223","post","type-post","status-publish","format-standard","hentry","category-aktuelles","category-corona-covid-19"],"_links":{"self":[{"href":"https:\/\/hs-emsbueren.de\/index.php?rest_route=\/wp\/v2\/posts\/3223","targetHints":{"allow":["GET"]}}],"collection":[{"href":"https:\/\/hs-emsbueren.de\/index.php?rest_route=\/wp\/v2\/posts"}],"about":[{"href":"https:\/\/hs-emsbueren.de\/index.php?rest_route=\/wp\/v2\/types\/post"}],"author":[{"embeddable":true,"href":"https:\/\/hs-emsbueren.de\/index.php?rest_route=\/wp\/v2\/users\/1"}],"replies":[{"embeddable":true,"href":"https:\/\/hs-emsbueren.de\/index.php?rest_route=%2Fwp%2Fv2%2Fcomments&post=3223"}],"version-history":[{"count":6,"href":"https:\/\/hs-emsbueren.de\/index.php?rest_route=\/wp\/v2\/posts\/3223\/revisions"}],"predecessor-version":[{"id":3259,"href":"https:\/\/hs-emsbueren.de\/index.php?rest_route=\/wp\/v2\/posts\/3223\/revisions\/3259"}],"wp:attachment":[{"href":"https:\/\/hs-emsbueren.de\/index.php?rest_route=%2Fwp%2Fv2%2Fmedia&parent=3223"}],"wp:term":[{"taxonomy":"category","embeddable":true,"href":"https:\/\/hs-emsbueren.de\/index.php?rest_route=%2Fwp%2Fv2%2Fcategories&post=3223"},{"taxonomy":"post_tag","embeddable":true,"href":"https:\/\/hs-emsbueren.de\/index.php?rest_route=%2Fwp%2Fv2%2Ftags&post=3223"}],"curies":[{"name":"wp","href":"https:\/\/api.w.org\/{rel}","templated":true}]}}