{"id":3816,"date":"2022-05-16T15:45:49","date_gmt":"2022-05-16T13:45:49","guid":{"rendered":"https:\/\/hs-emsbueren.de\/?p=3816"},"modified":"2022-05-17T11:50:31","modified_gmt":"2022-05-17T09:50:31","slug":"fussball-team-des-schulzentrums-bei-jugend-trainiert-fuer-olympia","status":"publish","type":"post","link":"https:\/\/hs-emsbueren.de\/?p=3816","title":{"rendered":"Fu\u00dfball-Team des Schulzentrums bei &#8222;Jugend trainiert f\u00fcr Olympia&#8220;"},"content":{"rendered":"\n<figure class=\"wp-block-image size-full is-resized\"><img loading=\"lazy\" decoding=\"async\" src=\"https:\/\/hs-emsbueren.de\/wp-content\/uploads\/2022\/05\/football-gae82b3cda_640.png\" alt=\"\" class=\"wp-image-3817\" width=\"139\" height=\"139\" srcset=\"https:\/\/hs-emsbueren.de\/wp-content\/uploads\/2022\/05\/football-gae82b3cda_640.png 640w, https:\/\/hs-emsbueren.de\/wp-content\/uploads\/2022\/05\/football-gae82b3cda_640-300x300.png 300w, https:\/\/hs-emsbueren.de\/wp-content\/uploads\/2022\/05\/football-gae82b3cda_640-150x150.png 150w\" sizes=\"auto, (max-width: 139px) 100vw, 139px\" \/><\/figure>\n\n\n\n<p>Als Team des Schulzentrums Emsb\u00fcren (<strong><mark style=\"background-color:rgba(0, 0, 0, 0)\" class=\"has-inline-color has-luminous-vivid-amber-color\">H<\/mark><mark style=\"background-color:rgba(0, 0, 0, 0)\" class=\"has-inline-color has-vivid-cyan-blue-color\">S<\/mark><mark style=\"background-color:rgba(0, 0, 0, 0)\" class=\"has-inline-color has-vivid-red-color\">E <\/mark><\/strong>und<strong> Liudger-Realschule<\/strong>) trat erstmalig seit vielen Jahren eine Mannschaft bei einem Schulwettkampf an. Seit fast einem Jahr trainiert eine Fu\u00dfball AG der Jahrg\u00e4nge 5 und 6, zusammengestellt aus Sch\u00fclern (und einigen Sch\u00fclerinnen) der <strong><mark style=\"background-color:rgba(0, 0, 0, 0)\" class=\"has-inline-color has-luminous-vivid-amber-color\">H<\/mark><mark style=\"background-color:rgba(0, 0, 0, 0)\" class=\"has-inline-color has-vivid-cyan-blue-color\">S<\/mark><mark style=\"background-color:rgba(0, 0, 0, 0)\" class=\"has-inline-color has-vivid-red-color\">E<\/mark><\/strong> und der Liudger-Realschule mit viel Spa\u00df und Engagement. Der gute Teamgeist, der sich entwickelt hat, lie\u00df die Mannschaft als starkes Team bei \u201eJugend trainiert f\u00fcr Olympia\u201c Ende April im Lingener Emslandstadion antreten. Sie konnten in einem spannenden Spiel einen 5:4 Sieg gegen das Franziskus-Gymnasium Lingen einfahren, mussten sich aber nach einem 2:2 Unentschieden gegen das Team des Georgianums Lingen nach Gegentor in der vorletzten Spielminute mit dem zweiten Platz zufriedengeben. Die AG-Leitung Andrej Friedrich und Christina Rolink war dennoch sehr zufrieden mit der Leistung ihrer Jungs und lobt die Hilfsbereitschaft des SV Concordia, der den Schulen dankenswerterweise kurzfristig Trikots zur Verf\u00fcgung gestellt hat. Im n\u00e4chsten Jahr hoffen alle auf ein Weiterkommen in die n\u00e4chste Runde. Vielleicht gibt es dann auch eigene Schultrikots, damit kein Spieler des FC 47 in Gelb auflaufen muss. <strong><mark style=\"background-color:rgba(0, 0, 0, 0)\" class=\"has-inline-color has-vivid-red-color\">\ud83d\ude42<\/mark><\/strong><\/p>\n\n\n\n<p><em>Christina Rolink<\/em><\/p>\n","protected":false},"excerpt":{"rendered":"<p>Als Team des Schulzentrums Emsb\u00fcren (HSE und Liudger-Realschule) trat erstmalig seit vielen Jahren eine Mannschaft bei einem Schulwettkampf an. Seit fast einem Jahr trainiert eine Fu\u00dfball AG der Jahrg\u00e4nge 5 und 6, zusammengestellt aus Sch\u00fclern (und einigen Sch\u00fclerinnen) der HSE und der Liudger-Realschule mit viel Spa\u00df und Engagement. Der gute Teamgeist, der sich entwickelt hat, [&hellip;]<\/p>\n","protected":false},"author":1,"featured_media":0,"comment_status":"closed","ping_status":"closed","sticky":false,"template":"","format":"standard","meta":{"ngg_post_thumbnail":0,"footnotes":""},"categories":[10],"tags":[],"class_list":["post-3816","post","type-post","status-publish","format-standard","hentry","category-veranstaltungen"],"_links":{"self":[{"href":"https:\/\/hs-emsbueren.de\/index.php?rest_route=\/wp\/v2\/posts\/3816","targetHints":{"allow":["GET"]}}],"collection":[{"href":"https:\/\/hs-emsbueren.de\/index.php?rest_route=\/wp\/v2\/posts"}],"about":[{"href":"https:\/\/hs-emsbueren.de\/index.php?rest_route=\/wp\/v2\/types\/post"}],"author":[{"embeddable":true,"href":"https:\/\/hs-emsbueren.de\/index.php?rest_route=\/wp\/v2\/users\/1"}],"replies":[{"embeddable":true,"href":"https:\/\/hs-emsbueren.de\/index.php?rest_route=%2Fwp%2Fv2%2Fcomments&post=3816"}],"version-history":[{"count":5,"href":"https:\/\/hs-emsbueren.de\/index.php?rest_route=\/wp\/v2\/posts\/3816\/revisions"}],"predecessor-version":[{"id":3827,"href":"https:\/\/hs-emsbueren.de\/index.php?rest_route=\/wp\/v2\/posts\/3816\/revisions\/3827"}],"wp:attachment":[{"href":"https:\/\/hs-emsbueren.de\/index.php?rest_route=%2Fwp%2Fv2%2Fmedia&parent=3816"}],"wp:term":[{"taxonomy":"category","embeddable":true,"href":"https:\/\/hs-emsbueren.de\/index.php?rest_route=%2Fwp%2Fv2%2Fcategories&post=3816"},{"taxonomy":"post_tag","embeddable":true,"href":"https:\/\/hs-emsbueren.de\/index.php?rest_route=%2Fwp%2Fv2%2Ftags&post=3816"}],"curies":[{"name":"wp","href":"https:\/\/api.w.org\/{rel}","templated":true}]}}