{"id":4254,"date":"2022-11-03T12:18:33","date_gmt":"2022-11-03T10:18:33","guid":{"rendered":"https:\/\/hs-emsbueren.de\/?p=4254"},"modified":"2022-11-03T12:21:25","modified_gmt":"2022-11-03T10:21:25","slug":"infoabend-zur-beruflichen-orientierung","status":"publish","type":"post","link":"https:\/\/hs-emsbueren.de\/?p=4254","title":{"rendered":"Infoabend zur Beruflichen Orientierung"},"content":{"rendered":"\n<p>Am&nbsp;<strong>Donnerstag, den 17. November<\/strong>&nbsp;findet um&nbsp;<strong>19.00 Uhr<\/strong>&nbsp;eine Informationsveranstaltung der \u201eRheinenser Schulen\u201c in der Mensa der Hauptschule statt.<br>Fachlehrer des Berufskollegs Rheine, der Kaufm\u00e4nnischen Schulen sowie der Josef-Pieper-Schule f\u00fcr Sozial- und Gesundheitswesen stellen m\u00f6gliche Bildungswege vor und kl\u00e4ren notwendige Modalit\u00e4ten der Anmeldung.<\/p>\n\n\n\n<p>Alle Eltern\/Erziehungsberechtigte und Sch\u00fcler*innen der Abschlussjahrg\u00e4nge 9+10 sind herzlich eingeladen.<\/p>\n","protected":false},"excerpt":{"rendered":"<p>Am&nbsp;Donnerstag, den 17. November&nbsp;findet um&nbsp;19.00 Uhr&nbsp;eine Informationsveranstaltung der \u201eRheinenser Schulen\u201c in der Mensa der Hauptschule statt.Fachlehrer des Berufskollegs Rheine, der Kaufm\u00e4nnischen Schulen sowie der Josef-Pieper-Schule f\u00fcr Sozial- und Gesundheitswesen stellen m\u00f6gliche Bildungswege vor und kl\u00e4ren notwendige Modalit\u00e4ten der Anmeldung. Alle Eltern\/Erziehungsberechtigte und Sch\u00fcler*innen der Abschlussjahrg\u00e4nge 9+10 sind herzlich eingeladen.<\/p>\n","protected":false},"author":1,"featured_media":4255,"comment_status":"closed","ping_status":"closed","sticky":false,"template":"","format":"standard","meta":{"ngg_post_thumbnail":0,"footnotes":""},"categories":[5,12],"tags":[],"class_list":["post-4254","post","type-post","status-publish","format-standard","has-post-thumbnail","hentry","category-aktuelles","category-berufliche-orientierung"],"_links":{"self":[{"href":"https:\/\/hs-emsbueren.de\/index.php?rest_route=\/wp\/v2\/posts\/4254","targetHints":{"allow":["GET"]}}],"collection":[{"href":"https:\/\/hs-emsbueren.de\/index.php?rest_route=\/wp\/v2\/posts"}],"about":[{"href":"https:\/\/hs-emsbueren.de\/index.php?rest_route=\/wp\/v2\/types\/post"}],"author":[{"embeddable":true,"href":"https:\/\/hs-emsbueren.de\/index.php?rest_route=\/wp\/v2\/users\/1"}],"replies":[{"embeddable":true,"href":"https:\/\/hs-emsbueren.de\/index.php?rest_route=%2Fwp%2Fv2%2Fcomments&post=4254"}],"version-history":[{"count":3,"href":"https:\/\/hs-emsbueren.de\/index.php?rest_route=\/wp\/v2\/posts\/4254\/revisions"}],"predecessor-version":[{"id":4258,"href":"https:\/\/hs-emsbueren.de\/index.php?rest_route=\/wp\/v2\/posts\/4254\/revisions\/4258"}],"wp:featuredmedia":[{"embeddable":true,"href":"https:\/\/hs-emsbueren.de\/index.php?rest_route=\/wp\/v2\/media\/4255"}],"wp:attachment":[{"href":"https:\/\/hs-emsbueren.de\/index.php?rest_route=%2Fwp%2Fv2%2Fmedia&parent=4254"}],"wp:term":[{"taxonomy":"category","embeddable":true,"href":"https:\/\/hs-emsbueren.de\/index.php?rest_route=%2Fwp%2Fv2%2Fcategories&post=4254"},{"taxonomy":"post_tag","embeddable":true,"href":"https:\/\/hs-emsbueren.de\/index.php?rest_route=%2Fwp%2Fv2%2Ftags&post=4254"}],"curies":[{"name":"wp","href":"https:\/\/api.w.org\/{rel}","templated":true}]}}