{"id":4263,"date":"2022-11-07T10:07:43","date_gmt":"2022-11-07T08:07:43","guid":{"rendered":"https:\/\/hs-emsbueren.de\/?p=4263"},"modified":"2022-11-07T10:07:45","modified_gmt":"2022-11-07T08:07:45","slug":"junge-politik-fuer-emsbueren","status":"publish","type":"post","link":"https:\/\/hs-emsbueren.de\/?p=4263","title":{"rendered":"Junge Politik f\u00fcr Emsb\u00fcren"},"content":{"rendered":"\n<p>Am Freitag, den 4. November besuchte unser B\u00fcrgermeister die Sch\u00fcler*innen des 8. &#8211; 10. Jahrgangs in der Mensa mit der Fragestellung: <strong>Die Gemeinde will wissen: Wie w\u00fcrdest du &#8222;Heimat machen&#8220;? <\/strong><\/p>\n\n\n\n<p>Dabei warb er f\u00fcr eine konkrete Mitgestaltung aller Beteiligten am Prozess, was man in Emsb\u00fcren gestalten\/ver\u00e4ndern\/st\u00e4rken kann.<\/p>\n\n\n\n<p>B\u00fcrgermeister Markus Silies lud alle angesprochenen Jugendlichen ein, am<strong> Freitag, 25. November um 17 Uhr im Rathaus<\/strong> nach dem Motto dabei zu sein: <strong>&#8222;Lasst uns Antworten auf diese und DEINE Fragen finden!&#8220; <\/strong><\/p>\n\n\n\n<figure class=\"wp-block-image size-large\"><img loading=\"lazy\" decoding=\"async\" width=\"1024\" height=\"576\" src=\"https:\/\/hs-emsbueren.de\/wp-content\/uploads\/2022\/11\/IMG_6564-1024x576.jpg\" alt=\"\" class=\"wp-image-4264\" srcset=\"https:\/\/hs-emsbueren.de\/wp-content\/uploads\/2022\/11\/IMG_6564-1024x576.jpg 1024w, https:\/\/hs-emsbueren.de\/wp-content\/uploads\/2022\/11\/IMG_6564-300x169.jpg 300w, https:\/\/hs-emsbueren.de\/wp-content\/uploads\/2022\/11\/IMG_6564-768x432.jpg 768w, https:\/\/hs-emsbueren.de\/wp-content\/uploads\/2022\/11\/IMG_6564-1536x864.jpg 1536w, https:\/\/hs-emsbueren.de\/wp-content\/uploads\/2022\/11\/IMG_6564-2048x1152.jpg 2048w, https:\/\/hs-emsbueren.de\/wp-content\/uploads\/2022\/11\/IMG_6564-400x225.jpg 400w\" sizes=\"auto, (max-width: 1024px) 100vw, 1024px\" \/><figcaption>Markus Silies m\u00f6chte die Jugendlichen an wichtigen Fragestellungen beteiligen<\/figcaption><\/figure>\n","protected":false},"excerpt":{"rendered":"<p>Am Freitag, den 4. November besuchte unser B\u00fcrgermeister die Sch\u00fcler*innen des 8. &#8211; 10. Jahrgangs in der Mensa mit der Fragestellung: Die Gemeinde will wissen: Wie w\u00fcrdest du &#8222;Heimat machen&#8220;? Dabei warb er f\u00fcr eine konkrete Mitgestaltung aller Beteiligten am Prozess, was man in Emsb\u00fcren gestalten\/ver\u00e4ndern\/st\u00e4rken kann. B\u00fcrgermeister Markus Silies lud alle angesprochenen Jugendlichen ein, [&hellip;]<\/p>\n","protected":false},"author":1,"featured_media":4265,"comment_status":"closed","ping_status":"closed","sticky":false,"template":"","format":"standard","meta":{"ngg_post_thumbnail":0,"footnotes":""},"categories":[5],"tags":[],"class_list":["post-4263","post","type-post","status-publish","format-standard","has-post-thumbnail","hentry","category-aktuelles"],"_links":{"self":[{"href":"https:\/\/hs-emsbueren.de\/index.php?rest_route=\/wp\/v2\/posts\/4263","targetHints":{"allow":["GET"]}}],"collection":[{"href":"https:\/\/hs-emsbueren.de\/index.php?rest_route=\/wp\/v2\/posts"}],"about":[{"href":"https:\/\/hs-emsbueren.de\/index.php?rest_route=\/wp\/v2\/types\/post"}],"author":[{"embeddable":true,"href":"https:\/\/hs-emsbueren.de\/index.php?rest_route=\/wp\/v2\/users\/1"}],"replies":[{"embeddable":true,"href":"https:\/\/hs-emsbueren.de\/index.php?rest_route=%2Fwp%2Fv2%2Fcomments&post=4263"}],"version-history":[{"count":2,"href":"https:\/\/hs-emsbueren.de\/index.php?rest_route=\/wp\/v2\/posts\/4263\/revisions"}],"predecessor-version":[{"id":4267,"href":"https:\/\/hs-emsbueren.de\/index.php?rest_route=\/wp\/v2\/posts\/4263\/revisions\/4267"}],"wp:featuredmedia":[{"embeddable":true,"href":"https:\/\/hs-emsbueren.de\/index.php?rest_route=\/wp\/v2\/media\/4265"}],"wp:attachment":[{"href":"https:\/\/hs-emsbueren.de\/index.php?rest_route=%2Fwp%2Fv2%2Fmedia&parent=4263"}],"wp:term":[{"taxonomy":"category","embeddable":true,"href":"https:\/\/hs-emsbueren.de\/index.php?rest_route=%2Fwp%2Fv2%2Fcategories&post=4263"},{"taxonomy":"post_tag","embeddable":true,"href":"https:\/\/hs-emsbueren.de\/index.php?rest_route=%2Fwp%2Fv2%2Ftags&post=4263"}],"curies":[{"name":"wp","href":"https:\/\/api.w.org\/{rel}","templated":true}]}}