{"id":4393,"date":"2023-01-10T12:49:40","date_gmt":"2023-01-10T10:49:40","guid":{"rendered":"https:\/\/hs-emsbueren.de\/?p=4393"},"modified":"2023-01-10T12:50:16","modified_gmt":"2023-01-10T10:50:16","slug":"info-nachmittag-fuer-die-grundschueler-des-4-jahrgangs-mit-ihren-eltern","status":"publish","type":"post","link":"https:\/\/hs-emsbueren.de\/?p=4393","title":{"rendered":"Info-Nachmittag f\u00fcr die Grundsch\u00fcler des 4. Jahrgangs mit ihren Eltern"},"content":{"rendered":"\n<p>Liebe Eltern,<\/p>\n\n\n\n<p>in wenigen Wochen m\u00fcssen Sie eine wichtige Entscheidung treffen. Es geht um die weitere Schullaufbahn Ihres Kindes. Aus diesem Grund m\u00f6chten wir Sie und Ihr Kind herzlich einladen zu einem <\/p>\n\n\n\n<p><strong>Info-Nachmittag<\/strong><\/p>\n\n\n\n<p><strong>am Mittwoch, dem 25. Januar 2023,<\/strong><\/p>\n\n\n\n<p><strong>um 16.00 Uhr in der Mensa der Hauptschule.<\/strong><br><\/p>\n\n\n\n<p>Bei Kaffee, Tee, Kakao, Saft und Kuchen gibt es zahlreiche Informationen \u00fcber unsere Schule.<\/p>\n\n\n\n<p>Es ist uns daran gelegen, deutlich zu machen, dass in unserer Hauptschule ruhiges Arbeiten in au\u00dferordentlich kleinen Klassen m\u00f6glich ist. Wir bieten den Sch\u00fclern ein umfangreiches Ganztagsangebot u.a. mit F\u00f6rderangeboten in den F\u00e4chern Deutsch, Mathematik und Englisch.<\/p>\n\n\n\n<p>Bei uns kann man folgende Schulabschl\u00fcsse erlangen:<\/p>\n\n\n\n<p>Hauptschulabschluss nach Klasse 9,<\/p>\n\n\n\n<p>Sekundarabschluss I \u2013 Hauptschulabschluss (nach Klasse 10),<\/p>\n\n\n\n<p>Sekundarabschluss I \u2013 Realschulabschluss (nach Klasse 10),<\/p>\n\n\n\n<p>Erweiterter Sekundarabschluss I.<\/p>\n\n\n\n<p>Dar\u00fcber m\u00f6chten wir Sie gerne informieren.<\/p>\n\n\n\n<p>Ihr Kind wird in der Zwischenzeit in einer Kleingruppe z.B. im PC-Raum, in der K\u00fcche, im Werkraum und im Physikraum Spannendes erleben.<\/p>\n\n\n\n<p>Wir freuen uns auf Ihren Besuch.<\/p>\n\n\n\n<p>Ch. Schnieder<\/p>\n\n\n\n<p>(Rektorin)<\/p>\n","protected":false},"excerpt":{"rendered":"<p>Liebe Eltern, in wenigen Wochen m\u00fcssen Sie eine wichtige Entscheidung treffen. Es geht um die weitere Schullaufbahn Ihres Kindes. Aus diesem Grund m\u00f6chten wir Sie und Ihr Kind herzlich einladen zu einem Info-Nachmittag am Mittwoch, dem 25. Januar 2023, um 16.00 Uhr in der Mensa der Hauptschule. Bei Kaffee, Tee, Kakao, Saft und Kuchen gibt [&hellip;]<\/p>\n","protected":false},"author":1,"featured_media":0,"comment_status":"closed","ping_status":"closed","sticky":false,"template":"","format":"standard","meta":{"ngg_post_thumbnail":0,"footnotes":""},"categories":[5,10],"tags":[],"class_list":["post-4393","post","type-post","status-publish","format-standard","hentry","category-aktuelles","category-veranstaltungen"],"_links":{"self":[{"href":"https:\/\/hs-emsbueren.de\/index.php?rest_route=\/wp\/v2\/posts\/4393","targetHints":{"allow":["GET"]}}],"collection":[{"href":"https:\/\/hs-emsbueren.de\/index.php?rest_route=\/wp\/v2\/posts"}],"about":[{"href":"https:\/\/hs-emsbueren.de\/index.php?rest_route=\/wp\/v2\/types\/post"}],"author":[{"embeddable":true,"href":"https:\/\/hs-emsbueren.de\/index.php?rest_route=\/wp\/v2\/users\/1"}],"replies":[{"embeddable":true,"href":"https:\/\/hs-emsbueren.de\/index.php?rest_route=%2Fwp%2Fv2%2Fcomments&post=4393"}],"version-history":[{"count":1,"href":"https:\/\/hs-emsbueren.de\/index.php?rest_route=\/wp\/v2\/posts\/4393\/revisions"}],"predecessor-version":[{"id":4394,"href":"https:\/\/hs-emsbueren.de\/index.php?rest_route=\/wp\/v2\/posts\/4393\/revisions\/4394"}],"wp:attachment":[{"href":"https:\/\/hs-emsbueren.de\/index.php?rest_route=%2Fwp%2Fv2%2Fmedia&parent=4393"}],"wp:term":[{"taxonomy":"category","embeddable":true,"href":"https:\/\/hs-emsbueren.de\/index.php?rest_route=%2Fwp%2Fv2%2Fcategories&post=4393"},{"taxonomy":"post_tag","embeddable":true,"href":"https:\/\/hs-emsbueren.de\/index.php?rest_route=%2Fwp%2Fv2%2Ftags&post=4393"}],"curies":[{"name":"wp","href":"https:\/\/api.w.org\/{rel}","templated":true}]}}