{"id":4452,"date":"2023-02-06T13:51:03","date_gmt":"2023-02-06T11:51:03","guid":{"rendered":"https:\/\/hs-emsbueren.de\/?p=4452"},"modified":"2023-02-06T13:51:04","modified_gmt":"2023-02-06T11:51:04","slug":"erfolgreiches-erstes-skiprojekt-der-hse-und-der-liudger-realschule","status":"publish","type":"post","link":"https:\/\/hs-emsbueren.de\/?p=4452","title":{"rendered":"Erfolgreiches erstes Skiprojekt der HSE und der Liudger-Realschule"},"content":{"rendered":"\n<p>Es hatte endlich geschneit, der Bus war um 5.30 Uhr bepackt und 44 gespannte und aufgeregte Sch\u00fclerinnen und Sch\u00fcler der beiden Emsb\u00fcrener weiterf\u00fchrenden Schulen starteten am 22. Januar ihre erste Skiprojektfahrt nach Reit im Winkl. Beste Skibedingungen warteten dort auf sie. Der Tagesablauf: 7 Uhr Fr\u00fchst\u00fcck, dann ab auf die Piste\u2026 Talfahrt 15 Uhr. Nach zwei Tagen Skiunterricht in Kleingruppen waren grundlegende Techniken gelernt und Schlepp- und Sessellifte kein Problem mehr. Da durfte dann auch schon mal mit den besten Freunden die eine oder andere Abfahrt frei gefahren werden. In den von den Stadtwerken Emsb\u00fcren\/Sch\u00fcttorf dankenswerterweise gesponserten blauen Leibchen waren die Sch\u00fclerinnen und Sch\u00fcler weithin als Emsb\u00fcrener zu erkennen.<\/p>\n\n\n\n<p>So viel Bewegung bei Pulverschnee und kalten Temperaturen macht m\u00fcde: Abendprogramm oder \u201eApr\u00e8s-Ski\u201c f\u00fcr Sch\u00fclerinnen und Sch\u00fcler wurde von dem einen oder anderen verschlafen. Nach 5 Tagen Skifahren mit viel Spa\u00df, Freude, aber auch etwas Nervenkitzel auf anspruchsvolleren Pisten, sind alle zufrieden und stolz wieder zu Hause angekommen. Die begleitenden Lehrer zeigten sich ebenfalls sehr zufrieden: \u201eMit einer so harmonischen und lernwilligen Gruppe hat das richtig viel Spa\u00df gemacht! Gerne wieder!\u201c \u2013 Passionierte Skifahrer mit Fortbildung oder Ski-Trainer-Schein, die Spa\u00df haben, mit Jugendlichen in den Schnee zu fahren, d\u00fcrfen sich zur Unterst\u00fctzung unseres Teams und zur Fortf\u00fchrung des Wintersportprojekts gerne bei uns melden (<strong><em>Mails an christina.rolink@hsemsbueren.de<\/em><\/strong>).<\/p>\n\n\n\n<figure class=\"wp-block-image size-large\"><img loading=\"lazy\" decoding=\"async\" width=\"1024\" height=\"768\" src=\"https:\/\/hs-emsbueren.de\/wp-content\/uploads\/2023\/02\/1-1024x768.jpg\" alt=\"\" class=\"wp-image-4453\" srcset=\"https:\/\/hs-emsbueren.de\/wp-content\/uploads\/2023\/02\/1-1024x768.jpg 1024w, https:\/\/hs-emsbueren.de\/wp-content\/uploads\/2023\/02\/1-300x225.jpg 300w, https:\/\/hs-emsbueren.de\/wp-content\/uploads\/2023\/02\/1-768x576.jpg 768w, https:\/\/hs-emsbueren.de\/wp-content\/uploads\/2023\/02\/1-400x300.jpg 400w, https:\/\/hs-emsbueren.de\/wp-content\/uploads\/2023\/02\/1.jpg 1498w\" sizes=\"auto, (max-width: 1024px) 100vw, 1024px\" \/><\/figure>\n\n\n\n<figure class=\"wp-block-image size-large\"><img loading=\"lazy\" decoding=\"async\" width=\"1024\" height=\"387\" src=\"https:\/\/hs-emsbueren.de\/wp-content\/uploads\/2023\/02\/2-1024x387.jpg\" alt=\"\" class=\"wp-image-4454\" srcset=\"https:\/\/hs-emsbueren.de\/wp-content\/uploads\/2023\/02\/2-1024x387.jpg 1024w, https:\/\/hs-emsbueren.de\/wp-content\/uploads\/2023\/02\/2-300x113.jpg 300w, https:\/\/hs-emsbueren.de\/wp-content\/uploads\/2023\/02\/2-768x290.jpg 768w, https:\/\/hs-emsbueren.de\/wp-content\/uploads\/2023\/02\/2-400x151.jpg 400w, https:\/\/hs-emsbueren.de\/wp-content\/uploads\/2023\/02\/2.jpg 1290w\" sizes=\"auto, (max-width: 1024px) 100vw, 1024px\" \/><\/figure>\n","protected":false},"excerpt":{"rendered":"<p>Es hatte endlich geschneit, der Bus war um 5.30 Uhr bepackt und 44 gespannte und aufgeregte Sch\u00fclerinnen und Sch\u00fcler der beiden Emsb\u00fcrener weiterf\u00fchrenden Schulen starteten am 22. Januar ihre erste Skiprojektfahrt nach Reit im Winkl. Beste Skibedingungen warteten dort auf sie. Der Tagesablauf: 7 Uhr Fr\u00fchst\u00fcck, dann ab auf die Piste\u2026 Talfahrt 15 Uhr. Nach [&hellip;]<\/p>\n","protected":false},"author":1,"featured_media":4455,"comment_status":"closed","ping_status":"closed","sticky":false,"template":"","format":"standard","meta":{"ngg_post_thumbnail":0,"footnotes":""},"categories":[10],"tags":[],"class_list":["post-4452","post","type-post","status-publish","format-standard","has-post-thumbnail","hentry","category-veranstaltungen"],"_links":{"self":[{"href":"https:\/\/hs-emsbueren.de\/index.php?rest_route=\/wp\/v2\/posts\/4452","targetHints":{"allow":["GET"]}}],"collection":[{"href":"https:\/\/hs-emsbueren.de\/index.php?rest_route=\/wp\/v2\/posts"}],"about":[{"href":"https:\/\/hs-emsbueren.de\/index.php?rest_route=\/wp\/v2\/types\/post"}],"author":[{"embeddable":true,"href":"https:\/\/hs-emsbueren.de\/index.php?rest_route=\/wp\/v2\/users\/1"}],"replies":[{"embeddable":true,"href":"https:\/\/hs-emsbueren.de\/index.php?rest_route=%2Fwp%2Fv2%2Fcomments&post=4452"}],"version-history":[{"count":3,"href":"https:\/\/hs-emsbueren.de\/index.php?rest_route=\/wp\/v2\/posts\/4452\/revisions"}],"predecessor-version":[{"id":4458,"href":"https:\/\/hs-emsbueren.de\/index.php?rest_route=\/wp\/v2\/posts\/4452\/revisions\/4458"}],"wp:featuredmedia":[{"embeddable":true,"href":"https:\/\/hs-emsbueren.de\/index.php?rest_route=\/wp\/v2\/media\/4455"}],"wp:attachment":[{"href":"https:\/\/hs-emsbueren.de\/index.php?rest_route=%2Fwp%2Fv2%2Fmedia&parent=4452"}],"wp:term":[{"taxonomy":"category","embeddable":true,"href":"https:\/\/hs-emsbueren.de\/index.php?rest_route=%2Fwp%2Fv2%2Fcategories&post=4452"},{"taxonomy":"post_tag","embeddable":true,"href":"https:\/\/hs-emsbueren.de\/index.php?rest_route=%2Fwp%2Fv2%2Ftags&post=4452"}],"curies":[{"name":"wp","href":"https:\/\/api.w.org\/{rel}","templated":true}]}}