{"id":4479,"date":"2023-02-23T13:36:21","date_gmt":"2023-02-23T11:36:21","guid":{"rendered":"https:\/\/hs-emsbueren.de\/?p=4479"},"modified":"2023-02-23T13:36:42","modified_gmt":"2023-02-23T11:36:42","slug":"mitgliederversammlung-der-bildungsinitiative","status":"publish","type":"post","link":"https:\/\/hs-emsbueren.de\/?p=4479","title":{"rendered":"Mitgliederversammlung der Bildungsinitiative"},"content":{"rendered":"\n<p>Am <strong>Mittwoch, den 08.03.2023<\/strong> findet um <strong>19:30<\/strong> <strong>Uhr<\/strong> die Mitgliederversammlung der Bildungsinitiative Emsb\u00fcren, im Landgasthof Evering statt. Der Vorstand freut sich Mitglieder, Eltern, Lehrer und Interessierte begr\u00fc\u00dfen zu d\u00fcrfen.<\/p>\n\n\n\n<div data-wp-interactive=\"core\/file\" class=\"wp-block-file\"><object data-wp-bind--hidden=\"!state.hasPdfPreview\" hidden class=\"wp-block-file__embed\" data=\"https:\/\/hs-emsbueren.de\/wp-content\/uploads\/2023\/02\/2023-Einladung-Mitgliederversammlung-BIE.pdf\" type=\"application\/pdf\" style=\"width:100%;height:600px\" aria-label=\"Einbettung von Einbettung von 2023-Einladung-Mitgliederversammlung-BIE..\"><\/object><a id=\"wp-block-file--media-95be33e5-e106-4ca1-b7ce-a6fb7add662e\" href=\"https:\/\/hs-emsbueren.de\/wp-content\/uploads\/2023\/02\/2023-Einladung-Mitgliederversammlung-BIE.pdf\">2023-Einladung-Mitgliederversammlung-BIE<\/a><a href=\"https:\/\/hs-emsbueren.de\/wp-content\/uploads\/2023\/02\/2023-Einladung-Mitgliederversammlung-BIE.pdf\" class=\"wp-block-file__button\" download aria-describedby=\"wp-block-file--media-95be33e5-e106-4ca1-b7ce-a6fb7add662e\">Herunterladen<\/a><\/div>\n","protected":false},"excerpt":{"rendered":"<p>Am Mittwoch, den 08.03.2023 findet um 19:30 Uhr die Mitgliederversammlung der Bildungsinitiative Emsb\u00fcren, im Landgasthof Evering statt. Der Vorstand freut sich Mitglieder, Eltern, Lehrer und Interessierte begr\u00fc\u00dfen zu d\u00fcrfen.<\/p>\n","protected":false},"author":1,"featured_media":0,"comment_status":"closed","ping_status":"closed","sticky":false,"template":"","format":"standard","meta":{"ngg_post_thumbnail":0,"footnotes":""},"categories":[10],"tags":[],"class_list":["post-4479","post","type-post","status-publish","format-standard","hentry","category-veranstaltungen"],"_links":{"self":[{"href":"https:\/\/hs-emsbueren.de\/index.php?rest_route=\/wp\/v2\/posts\/4479","targetHints":{"allow":["GET"]}}],"collection":[{"href":"https:\/\/hs-emsbueren.de\/index.php?rest_route=\/wp\/v2\/posts"}],"about":[{"href":"https:\/\/hs-emsbueren.de\/index.php?rest_route=\/wp\/v2\/types\/post"}],"author":[{"embeddable":true,"href":"https:\/\/hs-emsbueren.de\/index.php?rest_route=\/wp\/v2\/users\/1"}],"replies":[{"embeddable":true,"href":"https:\/\/hs-emsbueren.de\/index.php?rest_route=%2Fwp%2Fv2%2Fcomments&post=4479"}],"version-history":[{"count":1,"href":"https:\/\/hs-emsbueren.de\/index.php?rest_route=\/wp\/v2\/posts\/4479\/revisions"}],"predecessor-version":[{"id":4481,"href":"https:\/\/hs-emsbueren.de\/index.php?rest_route=\/wp\/v2\/posts\/4479\/revisions\/4481"}],"wp:attachment":[{"href":"https:\/\/hs-emsbueren.de\/index.php?rest_route=%2Fwp%2Fv2%2Fmedia&parent=4479"}],"wp:term":[{"taxonomy":"category","embeddable":true,"href":"https:\/\/hs-emsbueren.de\/index.php?rest_route=%2Fwp%2Fv2%2Fcategories&post=4479"},{"taxonomy":"post_tag","embeddable":true,"href":"https:\/\/hs-emsbueren.de\/index.php?rest_route=%2Fwp%2Fv2%2Ftags&post=4479"}],"curies":[{"name":"wp","href":"https:\/\/api.w.org\/{rel}","templated":true}]}}