{"id":4642,"date":"2023-06-28T15:00:16","date_gmt":"2023-06-28T13:00:16","guid":{"rendered":"https:\/\/hs-emsbueren.de\/?p=4642"},"modified":"2023-06-28T15:01:31","modified_gmt":"2023-06-28T13:01:31","slug":"stimmungsvolle-schulentlassungsfeier","status":"publish","type":"post","link":"https:\/\/hs-emsbueren.de\/?p=4642","title":{"rendered":"Stimmungsvolle Schulentlassungsfeier"},"content":{"rendered":"\n<p>Am Freitag, dem 23. Juni sagten, wie in jedem Jahr, wieder einige Sch\u00fclerinnen und Sch\u00fcler der <strong><mark style=\"background-color:rgba(0, 0, 0, 0)\" class=\"has-inline-color has-luminous-vivid-amber-color\">H<\/mark><mark style=\"background-color:rgba(0, 0, 0, 0)\" class=\"has-inline-color has-vivid-cyan-blue-color\">S<\/mark><mark style=\"background-color:rgba(0, 0, 0, 0)\" class=\"has-inline-color has-vivid-red-color\">E<\/mark><\/strong> &#8222;Lebewohl!&#8220; Der Vormittag begann mit einem \u00f6kumenischen Gottesdienst in der St. Andreas Kirche. Im Anschluss gab es in der Mensa des Ganztagsbereichs ein kurzweiliges Programm mit Ansprachen, k\u00fcnstlerischen Elementen und der Zeugnis\u00fcbergabe. Eine Bildercollage \u00fcber die gesamte Schulzeit der Sch\u00fcler(innen) sowie der anschlie\u00dfende Empfang im Freizeitbereich rundeten die Veranstaltung ab.<\/p>\n\n\n\n<p> <\/p>\n\n\n\n<figure class=\"wp-block-image size-full\"><img loading=\"lazy\" decoding=\"async\" width=\"1024\" height=\"683\" src=\"https:\/\/hs-emsbueren.de\/wp-content\/uploads\/2023\/06\/17.jpg\" alt=\"\" class=\"wp-image-4645\" srcset=\"https:\/\/hs-emsbueren.de\/wp-content\/uploads\/2023\/06\/17.jpg 1024w, https:\/\/hs-emsbueren.de\/wp-content\/uploads\/2023\/06\/17-300x200.jpg 300w, https:\/\/hs-emsbueren.de\/wp-content\/uploads\/2023\/06\/17-768x512.jpg 768w, https:\/\/hs-emsbueren.de\/wp-content\/uploads\/2023\/06\/17-400x267.jpg 400w\" sizes=\"auto, (max-width: 1024px) 100vw, 1024px\" \/><\/figure>\n\n\n\n<figure class=\"wp-block-image size-large\"><img loading=\"lazy\" decoding=\"async\" width=\"1024\" height=\"576\" src=\"https:\/\/hs-emsbueren.de\/wp-content\/uploads\/2023\/06\/IMG_8269-1024x576.jpg\" alt=\"\" class=\"wp-image-4643\" srcset=\"https:\/\/hs-emsbueren.de\/wp-content\/uploads\/2023\/06\/IMG_8269-1024x576.jpg 1024w, https:\/\/hs-emsbueren.de\/wp-content\/uploads\/2023\/06\/IMG_8269-300x169.jpg 300w, https:\/\/hs-emsbueren.de\/wp-content\/uploads\/2023\/06\/IMG_8269-768x432.jpg 768w, https:\/\/hs-emsbueren.de\/wp-content\/uploads\/2023\/06\/IMG_8269-1536x864.jpg 1536w, https:\/\/hs-emsbueren.de\/wp-content\/uploads\/2023\/06\/IMG_8269-2048x1152.jpg 2048w, https:\/\/hs-emsbueren.de\/wp-content\/uploads\/2023\/06\/IMG_8269-400x225.jpg 400w\" sizes=\"auto, (max-width: 1024px) 100vw, 1024px\" \/><\/figure>\n\n\n\n<figure class=\"wp-block-image size-large\"><img loading=\"lazy\" decoding=\"async\" width=\"1024\" height=\"576\" src=\"https:\/\/hs-emsbueren.de\/wp-content\/uploads\/2023\/06\/IMG_8275-1024x576.jpg\" alt=\"\" class=\"wp-image-4644\" srcset=\"https:\/\/hs-emsbueren.de\/wp-content\/uploads\/2023\/06\/IMG_8275-1024x576.jpg 1024w, https:\/\/hs-emsbueren.de\/wp-content\/uploads\/2023\/06\/IMG_8275-300x169.jpg 300w, https:\/\/hs-emsbueren.de\/wp-content\/uploads\/2023\/06\/IMG_8275-768x432.jpg 768w, https:\/\/hs-emsbueren.de\/wp-content\/uploads\/2023\/06\/IMG_8275-1536x864.jpg 1536w, https:\/\/hs-emsbueren.de\/wp-content\/uploads\/2023\/06\/IMG_8275-2048x1152.jpg 2048w, https:\/\/hs-emsbueren.de\/wp-content\/uploads\/2023\/06\/IMG_8275-400x225.jpg 400w\" sizes=\"auto, (max-width: 1024px) 100vw, 1024px\" \/><\/figure>\n\n\n\n<figure class=\"wp-block-image size-full\"><img loading=\"lazy\" decoding=\"async\" width=\"1024\" height=\"683\" src=\"https:\/\/hs-emsbueren.de\/wp-content\/uploads\/2023\/06\/90.jpg\" alt=\"\" class=\"wp-image-4646\" srcset=\"https:\/\/hs-emsbueren.de\/wp-content\/uploads\/2023\/06\/90.jpg 1024w, https:\/\/hs-emsbueren.de\/wp-content\/uploads\/2023\/06\/90-300x200.jpg 300w, https:\/\/hs-emsbueren.de\/wp-content\/uploads\/2023\/06\/90-768x512.jpg 768w, https:\/\/hs-emsbueren.de\/wp-content\/uploads\/2023\/06\/90-400x267.jpg 400w\" sizes=\"auto, (max-width: 1024px) 100vw, 1024px\" \/><\/figure>\n","protected":false},"excerpt":{"rendered":"<p>Am Freitag, dem 23. Juni sagten, wie in jedem Jahr, wieder einige Sch\u00fclerinnen und Sch\u00fcler der HSE &#8222;Lebewohl!&#8220; Der Vormittag begann mit einem \u00f6kumenischen Gottesdienst in der St. Andreas Kirche. Im Anschluss gab es in der Mensa des Ganztagsbereichs ein kurzweiliges Programm mit Ansprachen, k\u00fcnstlerischen Elementen und der Zeugnis\u00fcbergabe. Eine Bildercollage \u00fcber die gesamte Schulzeit [&hellip;]<\/p>\n","protected":false},"author":1,"featured_media":4646,"comment_status":"closed","ping_status":"closed","sticky":false,"template":"","format":"standard","meta":{"ngg_post_thumbnail":0,"footnotes":""},"categories":[5,10],"tags":[],"class_list":["post-4642","post","type-post","status-publish","format-standard","has-post-thumbnail","hentry","category-aktuelles","category-veranstaltungen"],"_links":{"self":[{"href":"https:\/\/hs-emsbueren.de\/index.php?rest_route=\/wp\/v2\/posts\/4642","targetHints":{"allow":["GET"]}}],"collection":[{"href":"https:\/\/hs-emsbueren.de\/index.php?rest_route=\/wp\/v2\/posts"}],"about":[{"href":"https:\/\/hs-emsbueren.de\/index.php?rest_route=\/wp\/v2\/types\/post"}],"author":[{"embeddable":true,"href":"https:\/\/hs-emsbueren.de\/index.php?rest_route=\/wp\/v2\/users\/1"}],"replies":[{"embeddable":true,"href":"https:\/\/hs-emsbueren.de\/index.php?rest_route=%2Fwp%2Fv2%2Fcomments&post=4642"}],"version-history":[{"count":2,"href":"https:\/\/hs-emsbueren.de\/index.php?rest_route=\/wp\/v2\/posts\/4642\/revisions"}],"predecessor-version":[{"id":4648,"href":"https:\/\/hs-emsbueren.de\/index.php?rest_route=\/wp\/v2\/posts\/4642\/revisions\/4648"}],"wp:featuredmedia":[{"embeddable":true,"href":"https:\/\/hs-emsbueren.de\/index.php?rest_route=\/wp\/v2\/media\/4646"}],"wp:attachment":[{"href":"https:\/\/hs-emsbueren.de\/index.php?rest_route=%2Fwp%2Fv2%2Fmedia&parent=4642"}],"wp:term":[{"taxonomy":"category","embeddable":true,"href":"https:\/\/hs-emsbueren.de\/index.php?rest_route=%2Fwp%2Fv2%2Fcategories&post=4642"},{"taxonomy":"post_tag","embeddable":true,"href":"https:\/\/hs-emsbueren.de\/index.php?rest_route=%2Fwp%2Fv2%2Ftags&post=4642"}],"curies":[{"name":"wp","href":"https:\/\/api.w.org\/{rel}","templated":true}]}}