{"id":4904,"date":"2023-11-17T13:22:31","date_gmt":"2023-11-17T11:22:31","guid":{"rendered":"https:\/\/hs-emsbueren.de\/?p=4904"},"modified":"2023-11-20T09:05:58","modified_gmt":"2023-11-20T07:05:58","slug":"informationsveranstaltung-der-rheinenser-schulen","status":"publish","type":"post","link":"https:\/\/hs-emsbueren.de\/?p=4904","title":{"rendered":"Informationsveranstaltung der \u201eRheinenser Schulen\u201c"},"content":{"rendered":"\n<p>Die \u201eRheinenser Schulen\u201c, bestehend aus den Kaufm\u00e4nnischen Schulen, dem Berufskolleg Rheine sowie der Josef-Pieper-Schule, stellten am Donnerstagabend (16. November) Eltern, Erziehungsberechtigten, Sch\u00fclerinnen und Sch\u00fclern, in der gut besuchten Mensa, ihre Bildungsangebote und Anmeldeformalit\u00e4ten vor.<\/p>\n\n\n\n<p>Im Anschluss stellten sich die Vertretungen der Schulen den Fragen an den eingerichteten Infotischen.<\/p>\n\n\n\n<figure class=\"wp-block-image size-large is-resized\"><img loading=\"lazy\" decoding=\"async\" width=\"1024\" height=\"576\" src=\"https:\/\/hs-emsbueren.de\/wp-content\/uploads\/2023\/11\/IMG_9330-1024x576.jpeg\" alt=\"\" class=\"wp-image-4905\" style=\"aspect-ratio:1.7777777777777777;width:839px;height:auto\" srcset=\"https:\/\/hs-emsbueren.de\/wp-content\/uploads\/2023\/11\/IMG_9330-1024x576.jpeg 1024w, https:\/\/hs-emsbueren.de\/wp-content\/uploads\/2023\/11\/IMG_9330-300x169.jpeg 300w, https:\/\/hs-emsbueren.de\/wp-content\/uploads\/2023\/11\/IMG_9330-768x432.jpeg 768w, https:\/\/hs-emsbueren.de\/wp-content\/uploads\/2023\/11\/IMG_9330-1536x864.jpeg 1536w, https:\/\/hs-emsbueren.de\/wp-content\/uploads\/2023\/11\/IMG_9330-2048x1152.jpeg 2048w, https:\/\/hs-emsbueren.de\/wp-content\/uploads\/2023\/11\/IMG_9330-400x225.jpeg 400w\" sizes=\"auto, (max-width: 1024px) 100vw, 1024px\" \/><\/figure>\n","protected":false},"excerpt":{"rendered":"<p>Die \u201eRheinenser Schulen\u201c, bestehend aus den Kaufm\u00e4nnischen Schulen, dem Berufskolleg Rheine sowie der Josef-Pieper-Schule, stellten am Donnerstagabend (16. November) Eltern, Erziehungsberechtigten, Sch\u00fclerinnen und Sch\u00fclern, in der gut besuchten Mensa, ihre Bildungsangebote und Anmeldeformalit\u00e4ten vor. Im Anschluss stellten sich die Vertretungen der Schulen den Fragen an den eingerichteten Infotischen.<\/p>\n","protected":false},"author":1,"featured_media":4905,"comment_status":"closed","ping_status":"closed","sticky":false,"template":"","format":"standard","meta":{"ngg_post_thumbnail":0,"footnotes":""},"categories":[12,10],"tags":[],"class_list":["post-4904","post","type-post","status-publish","format-standard","has-post-thumbnail","hentry","category-berufliche-orientierung","category-veranstaltungen"],"_links":{"self":[{"href":"https:\/\/hs-emsbueren.de\/index.php?rest_route=\/wp\/v2\/posts\/4904","targetHints":{"allow":["GET"]}}],"collection":[{"href":"https:\/\/hs-emsbueren.de\/index.php?rest_route=\/wp\/v2\/posts"}],"about":[{"href":"https:\/\/hs-emsbueren.de\/index.php?rest_route=\/wp\/v2\/types\/post"}],"author":[{"embeddable":true,"href":"https:\/\/hs-emsbueren.de\/index.php?rest_route=\/wp\/v2\/users\/1"}],"replies":[{"embeddable":true,"href":"https:\/\/hs-emsbueren.de\/index.php?rest_route=%2Fwp%2Fv2%2Fcomments&post=4904"}],"version-history":[{"count":2,"href":"https:\/\/hs-emsbueren.de\/index.php?rest_route=\/wp\/v2\/posts\/4904\/revisions"}],"predecessor-version":[{"id":4908,"href":"https:\/\/hs-emsbueren.de\/index.php?rest_route=\/wp\/v2\/posts\/4904\/revisions\/4908"}],"wp:featuredmedia":[{"embeddable":true,"href":"https:\/\/hs-emsbueren.de\/index.php?rest_route=\/wp\/v2\/media\/4905"}],"wp:attachment":[{"href":"https:\/\/hs-emsbueren.de\/index.php?rest_route=%2Fwp%2Fv2%2Fmedia&parent=4904"}],"wp:term":[{"taxonomy":"category","embeddable":true,"href":"https:\/\/hs-emsbueren.de\/index.php?rest_route=%2Fwp%2Fv2%2Fcategories&post=4904"},{"taxonomy":"post_tag","embeddable":true,"href":"https:\/\/hs-emsbueren.de\/index.php?rest_route=%2Fwp%2Fv2%2Ftags&post=4904"}],"curies":[{"name":"wp","href":"https:\/\/api.w.org\/{rel}","templated":true}]}}