{"id":5159,"date":"2024-06-19T14:59:33","date_gmt":"2024-06-19T12:59:33","guid":{"rendered":"https:\/\/hs-emsbueren.de\/?p=5159"},"modified":"2024-06-19T15:07:06","modified_gmt":"2024-06-19T13:07:06","slug":"schulentlassungsfeier-2024","status":"publish","type":"post","link":"https:\/\/hs-emsbueren.de\/?p=5159","title":{"rendered":"Schulentlassungsfeier 2024"},"content":{"rendered":"\n<p>Unter dem Motto &#8222;Auf ein neues tolles Kapitel&#8220; stand in diesem Schuljahr die Schulentlassungsfeier an der <strong><mark style=\"background-color:rgba(0, 0, 0, 0)\" class=\"has-inline-color has-luminous-vivid-amber-color\">H<\/mark><mark style=\"background-color:rgba(0, 0, 0, 0)\" class=\"has-inline-color has-vivid-cyan-blue-color\">S<\/mark><mark style=\"background-color:rgba(0, 0, 0, 0)\" class=\"has-inline-color has-vivid-red-color\">E<\/mark><\/strong>. Wie bereits im vergangenen Jahr fand auch dieses Mal die Schulentlassungsfeier im Anschluss an den Gottesdienst in der St. Andreas Kirche statt. Im Anschluss gab es in der Mensa des Ganztagsbereichs ein kurzweiliges Programm mit Ansprachen, k\u00fcnstlerischen Elementen und der Zeugnis\u00fcbergabe. Eine Bildercollage \u00fcber die gesamte Schulzeit der Sch\u00fcler(innen) sowie der anschlie\u00dfende Empfang im Freizeitbereich rundeten die Veranstaltung ab.<\/p>\n\n\n\n<figure class=\"wp-block-image size-large\"><img loading=\"lazy\" decoding=\"async\" width=\"768\" height=\"1024\" src=\"https:\/\/hs-emsbueren.de\/wp-content\/uploads\/2024\/06\/f1b53a57-bc60-4ba3-8f7c-858963623822-768x1024.jpg\" alt=\"\" class=\"wp-image-5161\" srcset=\"https:\/\/hs-emsbueren.de\/wp-content\/uploads\/2024\/06\/f1b53a57-bc60-4ba3-8f7c-858963623822-768x1024.jpg 768w, https:\/\/hs-emsbueren.de\/wp-content\/uploads\/2024\/06\/f1b53a57-bc60-4ba3-8f7c-858963623822-225x300.jpg 225w, https:\/\/hs-emsbueren.de\/wp-content\/uploads\/2024\/06\/f1b53a57-bc60-4ba3-8f7c-858963623822-1152x1536.jpg 1152w, https:\/\/hs-emsbueren.de\/wp-content\/uploads\/2024\/06\/f1b53a57-bc60-4ba3-8f7c-858963623822.jpg 1200w\" sizes=\"auto, (max-width: 768px) 100vw, 768px\" \/><\/figure>\n\n\n\n<figure class=\"wp-block-image size-large\"><img loading=\"lazy\" decoding=\"async\" width=\"1024\" height=\"681\" src=\"https:\/\/hs-emsbueren.de\/wp-content\/uploads\/2024\/06\/DSC_0098-1024x681.jpg\" alt=\"\" class=\"wp-image-5162\" srcset=\"https:\/\/hs-emsbueren.de\/wp-content\/uploads\/2024\/06\/DSC_0098-1024x681.jpg 1024w, https:\/\/hs-emsbueren.de\/wp-content\/uploads\/2024\/06\/DSC_0098-300x199.jpg 300w, https:\/\/hs-emsbueren.de\/wp-content\/uploads\/2024\/06\/DSC_0098-768x511.jpg 768w, https:\/\/hs-emsbueren.de\/wp-content\/uploads\/2024\/06\/DSC_0098-1536x1021.jpg 1536w, https:\/\/hs-emsbueren.de\/wp-content\/uploads\/2024\/06\/DSC_0098-2048x1362.jpg 2048w, https:\/\/hs-emsbueren.de\/wp-content\/uploads\/2024\/06\/DSC_0098-400x266.jpg 400w\" sizes=\"auto, (max-width: 1024px) 100vw, 1024px\" \/><\/figure>\n\n\n\n<figure class=\"wp-block-image size-large\"><img loading=\"lazy\" decoding=\"async\" width=\"1024\" height=\"681\" src=\"https:\/\/hs-emsbueren.de\/wp-content\/uploads\/2024\/06\/DSC_0142-1024x681.jpg\" alt=\"\" class=\"wp-image-5163\" srcset=\"https:\/\/hs-emsbueren.de\/wp-content\/uploads\/2024\/06\/DSC_0142-1024x681.jpg 1024w, https:\/\/hs-emsbueren.de\/wp-content\/uploads\/2024\/06\/DSC_0142-300x199.jpg 300w, https:\/\/hs-emsbueren.de\/wp-content\/uploads\/2024\/06\/DSC_0142-768x511.jpg 768w, https:\/\/hs-emsbueren.de\/wp-content\/uploads\/2024\/06\/DSC_0142-1536x1021.jpg 1536w, https:\/\/hs-emsbueren.de\/wp-content\/uploads\/2024\/06\/DSC_0142-2048x1362.jpg 2048w, https:\/\/hs-emsbueren.de\/wp-content\/uploads\/2024\/06\/DSC_0142-400x266.jpg 400w\" sizes=\"auto, (max-width: 1024px) 100vw, 1024px\" \/><\/figure>\n","protected":false},"excerpt":{"rendered":"<p>Unter dem Motto &#8222;Auf ein neues tolles Kapitel&#8220; stand in diesem Schuljahr die Schulentlassungsfeier an der HSE. Wie bereits im vergangenen Jahr fand auch dieses Mal die Schulentlassungsfeier im Anschluss an den Gottesdienst in der St. Andreas Kirche statt. Im Anschluss gab es in der Mensa des Ganztagsbereichs ein kurzweiliges Programm mit Ansprachen, k\u00fcnstlerischen Elementen [&hellip;]<\/p>\n","protected":false},"author":1,"featured_media":5166,"comment_status":"closed","ping_status":"closed","sticky":false,"template":"","format":"standard","meta":{"ngg_post_thumbnail":0,"footnotes":""},"categories":[10],"tags":[],"class_list":["post-5159","post","type-post","status-publish","format-standard","has-post-thumbnail","hentry","category-veranstaltungen"],"_links":{"self":[{"href":"https:\/\/hs-emsbueren.de\/index.php?rest_route=\/wp\/v2\/posts\/5159","targetHints":{"allow":["GET"]}}],"collection":[{"href":"https:\/\/hs-emsbueren.de\/index.php?rest_route=\/wp\/v2\/posts"}],"about":[{"href":"https:\/\/hs-emsbueren.de\/index.php?rest_route=\/wp\/v2\/types\/post"}],"author":[{"embeddable":true,"href":"https:\/\/hs-emsbueren.de\/index.php?rest_route=\/wp\/v2\/users\/1"}],"replies":[{"embeddable":true,"href":"https:\/\/hs-emsbueren.de\/index.php?rest_route=%2Fwp%2Fv2%2Fcomments&post=5159"}],"version-history":[{"count":2,"href":"https:\/\/hs-emsbueren.de\/index.php?rest_route=\/wp\/v2\/posts\/5159\/revisions"}],"predecessor-version":[{"id":5165,"href":"https:\/\/hs-emsbueren.de\/index.php?rest_route=\/wp\/v2\/posts\/5159\/revisions\/5165"}],"wp:featuredmedia":[{"embeddable":true,"href":"https:\/\/hs-emsbueren.de\/index.php?rest_route=\/wp\/v2\/media\/5166"}],"wp:attachment":[{"href":"https:\/\/hs-emsbueren.de\/index.php?rest_route=%2Fwp%2Fv2%2Fmedia&parent=5159"}],"wp:term":[{"taxonomy":"category","embeddable":true,"href":"https:\/\/hs-emsbueren.de\/index.php?rest_route=%2Fwp%2Fv2%2Fcategories&post=5159"},{"taxonomy":"post_tag","embeddable":true,"href":"https:\/\/hs-emsbueren.de\/index.php?rest_route=%2Fwp%2Fv2%2Ftags&post=5159"}],"curies":[{"name":"wp","href":"https:\/\/api.w.org\/{rel}","templated":true}]}}