{"id":5248,"date":"2024-08-27T10:30:01","date_gmt":"2024-08-27T08:30:01","guid":{"rendered":"https:\/\/hs-emsbueren.de\/?p=5248"},"modified":"2024-08-27T11:41:10","modified_gmt":"2024-08-27T09:41:10","slug":"ausbildungsboerse-mit-jubilaeum","status":"publish","type":"post","link":"https:\/\/hs-emsbueren.de\/?p=5248","title":{"rendered":"Ausbildungsplatzb\u00f6rse mit Jubil\u00e4um"},"content":{"rendered":"\n<p>Und schon wieder spielte das Wetter mit, als B\u00fcrgermeister Silies am Donnerstag, den 22. August die Besucher der mittlerweile 10. Emsb\u00fcrener Ausbildungsplatzb\u00f6rse in der Mensa begr\u00fc\u00dfte. In und um den Ganztagsbereich des Schulzentrums herum hatten sich in diesem Jahr 37 ausstellende Unternehmen, Einrichtungen sowie weiterf\u00fchrende Schulen eingefunden, um ihre Bildungs- und Ausbildungsm\u00f6glichkeiten darzustellen. Es kamen wieder viele Eltern mit zur B\u00f6rse, um sich gemeinsam mit Ihren Kindern zu informieren.<\/p>\n\n\n\n<p>Im kommenden Jahr findet dann die 11. Auflage am <strong>Donnerstag, den 4. September 2025<\/strong> statt.<\/p>\n\n\n\n<figure class=\"wp-block-image size-large\"><img loading=\"lazy\" decoding=\"async\" width=\"1024\" height=\"722\" src=\"https:\/\/hs-emsbueren.de\/wp-content\/uploads\/2024\/08\/Lageplan-1024x722.png\" alt=\"\" class=\"wp-image-5252\" srcset=\"https:\/\/hs-emsbueren.de\/wp-content\/uploads\/2024\/08\/Lageplan-1024x722.png 1024w, https:\/\/hs-emsbueren.de\/wp-content\/uploads\/2024\/08\/Lageplan-300x211.png 300w, https:\/\/hs-emsbueren.de\/wp-content\/uploads\/2024\/08\/Lageplan-768x541.png 768w, https:\/\/hs-emsbueren.de\/wp-content\/uploads\/2024\/08\/Lageplan-400x282.png 400w, https:\/\/hs-emsbueren.de\/wp-content\/uploads\/2024\/08\/Lageplan.png 1243w\" sizes=\"auto, (max-width: 1024px) 100vw, 1024px\" \/><\/figure>\n\n\n\n<figure class=\"wp-block-image size-large\"><img loading=\"lazy\" decoding=\"async\" width=\"1024\" height=\"576\" src=\"https:\/\/hs-emsbueren.de\/wp-content\/uploads\/2024\/08\/IMG_0912-1024x576.jpg\" alt=\"\" class=\"wp-image-5250\" srcset=\"https:\/\/hs-emsbueren.de\/wp-content\/uploads\/2024\/08\/IMG_0912-1024x576.jpg 1024w, https:\/\/hs-emsbueren.de\/wp-content\/uploads\/2024\/08\/IMG_0912-300x169.jpg 300w, https:\/\/hs-emsbueren.de\/wp-content\/uploads\/2024\/08\/IMG_0912-768x432.jpg 768w, https:\/\/hs-emsbueren.de\/wp-content\/uploads\/2024\/08\/IMG_0912-1536x864.jpg 1536w, https:\/\/hs-emsbueren.de\/wp-content\/uploads\/2024\/08\/IMG_0912-2048x1152.jpg 2048w, https:\/\/hs-emsbueren.de\/wp-content\/uploads\/2024\/08\/IMG_0912-400x225.jpg 400w\" sizes=\"auto, (max-width: 1024px) 100vw, 1024px\" \/><figcaption class=\"wp-element-caption\">B\u00fcrgermeister Markus Silies er\u00f6ffnet die 10. Ausbildungsplatzb\u00f6rse<\/figcaption><\/figure>\n\n\n\n<figure class=\"wp-block-image size-large\"><img loading=\"lazy\" decoding=\"async\" width=\"1024\" height=\"576\" src=\"https:\/\/hs-emsbueren.de\/wp-content\/uploads\/2024\/08\/IMG_0915-1024x576.jpg\" alt=\"\" class=\"wp-image-5251\" srcset=\"https:\/\/hs-emsbueren.de\/wp-content\/uploads\/2024\/08\/IMG_0915-1024x576.jpg 1024w, https:\/\/hs-emsbueren.de\/wp-content\/uploads\/2024\/08\/IMG_0915-300x169.jpg 300w, https:\/\/hs-emsbueren.de\/wp-content\/uploads\/2024\/08\/IMG_0915-768x432.jpg 768w, https:\/\/hs-emsbueren.de\/wp-content\/uploads\/2024\/08\/IMG_0915-1536x864.jpg 1536w, https:\/\/hs-emsbueren.de\/wp-content\/uploads\/2024\/08\/IMG_0915-2048x1152.jpg 2048w, https:\/\/hs-emsbueren.de\/wp-content\/uploads\/2024\/08\/IMG_0915-400x225.jpg 400w\" sizes=\"auto, (max-width: 1024px) 100vw, 1024px\" \/><figcaption class=\"wp-element-caption\">Sch\u00fcler(innen) und Eltern informieren sich<\/figcaption><\/figure>\n\n\n\n<figure class=\"wp-block-image size-large\"><img loading=\"lazy\" decoding=\"async\" width=\"1024\" height=\"576\" src=\"https:\/\/hs-emsbueren.de\/wp-content\/uploads\/2024\/08\/IMG_0918-1024x576.jpg\" alt=\"\" class=\"wp-image-5253\" srcset=\"https:\/\/hs-emsbueren.de\/wp-content\/uploads\/2024\/08\/IMG_0918-1024x576.jpg 1024w, https:\/\/hs-emsbueren.de\/wp-content\/uploads\/2024\/08\/IMG_0918-300x169.jpg 300w, https:\/\/hs-emsbueren.de\/wp-content\/uploads\/2024\/08\/IMG_0918-768x432.jpg 768w, https:\/\/hs-emsbueren.de\/wp-content\/uploads\/2024\/08\/IMG_0918-1536x864.jpg 1536w, https:\/\/hs-emsbueren.de\/wp-content\/uploads\/2024\/08\/IMG_0918-2048x1152.jpg 2048w, https:\/\/hs-emsbueren.de\/wp-content\/uploads\/2024\/08\/IMG_0918-400x225.jpg 400w\" sizes=\"auto, (max-width: 1024px) 100vw, 1024px\" \/><\/figure>\n","protected":false},"excerpt":{"rendered":"<p>Und schon wieder spielte das Wetter mit, als B\u00fcrgermeister Silies am Donnerstag, den 22. August die Besucher der mittlerweile 10. Emsb\u00fcrener Ausbildungsplatzb\u00f6rse in der Mensa begr\u00fc\u00dfte. In und um den Ganztagsbereich des Schulzentrums herum hatten sich in diesem Jahr 37 ausstellende Unternehmen, Einrichtungen sowie weiterf\u00fchrende Schulen eingefunden, um ihre Bildungs- und Ausbildungsm\u00f6glichkeiten darzustellen. Es kamen [&hellip;]<\/p>\n","protected":false},"author":1,"featured_media":5249,"comment_status":"closed","ping_status":"closed","sticky":false,"template":"","format":"standard","meta":{"ngg_post_thumbnail":0,"footnotes":""},"categories":[12,10],"tags":[],"class_list":["post-5248","post","type-post","status-publish","format-standard","has-post-thumbnail","hentry","category-berufliche-orientierung","category-veranstaltungen"],"_links":{"self":[{"href":"https:\/\/hs-emsbueren.de\/index.php?rest_route=\/wp\/v2\/posts\/5248","targetHints":{"allow":["GET"]}}],"collection":[{"href":"https:\/\/hs-emsbueren.de\/index.php?rest_route=\/wp\/v2\/posts"}],"about":[{"href":"https:\/\/hs-emsbueren.de\/index.php?rest_route=\/wp\/v2\/types\/post"}],"author":[{"embeddable":true,"href":"https:\/\/hs-emsbueren.de\/index.php?rest_route=\/wp\/v2\/users\/1"}],"replies":[{"embeddable":true,"href":"https:\/\/hs-emsbueren.de\/index.php?rest_route=%2Fwp%2Fv2%2Fcomments&post=5248"}],"version-history":[{"count":4,"href":"https:\/\/hs-emsbueren.de\/index.php?rest_route=\/wp\/v2\/posts\/5248\/revisions"}],"predecessor-version":[{"id":5259,"href":"https:\/\/hs-emsbueren.de\/index.php?rest_route=\/wp\/v2\/posts\/5248\/revisions\/5259"}],"wp:featuredmedia":[{"embeddable":true,"href":"https:\/\/hs-emsbueren.de\/index.php?rest_route=\/wp\/v2\/media\/5249"}],"wp:attachment":[{"href":"https:\/\/hs-emsbueren.de\/index.php?rest_route=%2Fwp%2Fv2%2Fmedia&parent=5248"}],"wp:term":[{"taxonomy":"category","embeddable":true,"href":"https:\/\/hs-emsbueren.de\/index.php?rest_route=%2Fwp%2Fv2%2Fcategories&post=5248"},{"taxonomy":"post_tag","embeddable":true,"href":"https:\/\/hs-emsbueren.de\/index.php?rest_route=%2Fwp%2Fv2%2Ftags&post=5248"}],"curies":[{"name":"wp","href":"https:\/\/api.w.org\/{rel}","templated":true}]}}