{"id":5537,"date":"2025-03-04T12:59:31","date_gmt":"2025-03-04T10:59:31","guid":{"rendered":"https:\/\/hs-emsbueren.de\/?p=5537"},"modified":"2025-04-01T13:06:44","modified_gmt":"2025-04-01T11:06:44","slug":"karneval-in-der-hse","status":"publish","type":"post","link":"https:\/\/hs-emsbueren.de\/?p=5537","title":{"rendered":"Karneval in der HSE"},"content":{"rendered":"\n<p>Am Rosenmontag, dem 3. M\u00e4rz wurde in der <strong><mark style=\"background-color:rgba(0, 0, 0, 0)\" class=\"has-inline-color has-luminous-vivid-amber-color\">H<\/mark><mark style=\"background-color:rgba(0, 0, 0, 0)\" class=\"has-inline-color has-vivid-cyan-blue-color\">S<\/mark><mark style=\"background-color:rgba(0, 0, 0, 0)\" class=\"has-inline-color has-vivid-red-color\">E<\/mark><\/strong> Karneval gefeiert. Nachdem in den einzelnen Jahrgangsstufen zahlreiche Aktivit\u00e4ten durchgef\u00fchrt wurden, fand sich die sich die gesamte Sch\u00fclerschaft in der 5. Schulstunde zu einer Kost\u00fcmpr\u00e4mierung in der Mensa ein.<\/p>\n","protected":false},"excerpt":{"rendered":"<p>Am Rosenmontag, dem 3. M\u00e4rz wurde in der HSE Karneval gefeiert. Nachdem in den einzelnen Jahrgangsstufen zahlreiche Aktivit\u00e4ten durchgef\u00fchrt wurden, fand sich die sich die gesamte Sch\u00fclerschaft in der 5. Schulstunde zu einer Kost\u00fcmpr\u00e4mierung in der Mensa ein.<\/p>\n","protected":false},"author":1,"featured_media":5538,"comment_status":"closed","ping_status":"closed","sticky":false,"template":"","format":"standard","meta":{"ngg_post_thumbnail":0,"footnotes":""},"categories":[10],"tags":[],"class_list":["post-5537","post","type-post","status-publish","format-standard","has-post-thumbnail","hentry","category-veranstaltungen"],"_links":{"self":[{"href":"https:\/\/hs-emsbueren.de\/index.php?rest_route=\/wp\/v2\/posts\/5537","targetHints":{"allow":["GET"]}}],"collection":[{"href":"https:\/\/hs-emsbueren.de\/index.php?rest_route=\/wp\/v2\/posts"}],"about":[{"href":"https:\/\/hs-emsbueren.de\/index.php?rest_route=\/wp\/v2\/types\/post"}],"author":[{"embeddable":true,"href":"https:\/\/hs-emsbueren.de\/index.php?rest_route=\/wp\/v2\/users\/1"}],"replies":[{"embeddable":true,"href":"https:\/\/hs-emsbueren.de\/index.php?rest_route=%2Fwp%2Fv2%2Fcomments&post=5537"}],"version-history":[{"count":2,"href":"https:\/\/hs-emsbueren.de\/index.php?rest_route=\/wp\/v2\/posts\/5537\/revisions"}],"predecessor-version":[{"id":5541,"href":"https:\/\/hs-emsbueren.de\/index.php?rest_route=\/wp\/v2\/posts\/5537\/revisions\/5541"}],"wp:featuredmedia":[{"embeddable":true,"href":"https:\/\/hs-emsbueren.de\/index.php?rest_route=\/wp\/v2\/media\/5538"}],"wp:attachment":[{"href":"https:\/\/hs-emsbueren.de\/index.php?rest_route=%2Fwp%2Fv2%2Fmedia&parent=5537"}],"wp:term":[{"taxonomy":"category","embeddable":true,"href":"https:\/\/hs-emsbueren.de\/index.php?rest_route=%2Fwp%2Fv2%2Fcategories&post=5537"},{"taxonomy":"post_tag","embeddable":true,"href":"https:\/\/hs-emsbueren.de\/index.php?rest_route=%2Fwp%2Fv2%2Ftags&post=5537"}],"curies":[{"name":"wp","href":"https:\/\/api.w.org\/{rel}","templated":true}]}}