{"id":6017,"date":"2026-04-28T15:25:01","date_gmt":"2026-04-28T13:25:01","guid":{"rendered":"https:\/\/hs-emsbueren.de\/?p=6017"},"modified":"2026-04-28T15:26:43","modified_gmt":"2026-04-28T13:26:43","slug":"tag-der-arbeit-mal-anders","status":"publish","type":"post","link":"https:\/\/hs-emsbueren.de\/?p=6017","title":{"rendered":"&#8222;Tag der Arbeit&#8220; mal anders"},"content":{"rendered":"\n<p>Donnerstag, 23. April stand an der <strong><mark style=\"background-color:rgba(0, 0, 0, 0)\" class=\"has-inline-color has-luminous-vivid-amber-color\">H<\/mark><mark style=\"background-color:rgba(0, 0, 0, 0)\" class=\"has-inline-color has-vivid-cyan-blue-color\">S<\/mark><mark style=\"background-color:rgba(0, 0, 0, 0)\" class=\"has-inline-color has-vivid-red-color\">E<\/mark><\/strong> f\u00fcr unseren 5.+6. Jahrgang unter dem Motto: &#8222;Zukunftstag&#8220;. Die Sch\u00fclerinnen und Sch\u00fcler schnupperten an diesem Tag in unterschiedliche Berufe hinein, w\u00e4hrend unsere Jahrg\u00e4nge 7+8 in der Mensa des Ganztagsbereichs an der Praktischen Berufsweltorientierung teilnahmen. 8 Unternehmen und Einrichtungen pr\u00e4sentierten unterschiedliche Berufsfelder, in denen sich die Sch\u00fclerinnen und Sch\u00fcler anschlie\u00dfend ausprobieren konnten.<\/p>\n\n\n\n<p><\/p>\n","protected":false},"excerpt":{"rendered":"<p>Donnerstag, 23. April stand an der HSE f\u00fcr unseren 5.+6. Jahrgang unter dem Motto: &#8222;Zukunftstag&#8220;. Die Sch\u00fclerinnen und Sch\u00fcler schnupperten an diesem Tag in unterschiedliche Berufe hinein, w\u00e4hrend unsere Jahrg\u00e4nge 7+8 in der Mensa des Ganztagsbereichs an der Praktischen Berufsweltorientierung teilnahmen. 8 Unternehmen und Einrichtungen pr\u00e4sentierten unterschiedliche Berufsfelder, in denen sich die Sch\u00fclerinnen und Sch\u00fcler [&hellip;]<\/p>\n","protected":false},"author":1,"featured_media":6019,"comment_status":"closed","ping_status":"closed","sticky":false,"template":"","format":"standard","meta":{"ngg_post_thumbnail":0,"footnotes":""},"categories":[12],"tags":[],"class_list":["post-6017","post","type-post","status-publish","format-standard","has-post-thumbnail","hentry","category-berufliche-orientierung"],"_links":{"self":[{"href":"https:\/\/hs-emsbueren.de\/index.php?rest_route=\/wp\/v2\/posts\/6017","targetHints":{"allow":["GET"]}}],"collection":[{"href":"https:\/\/hs-emsbueren.de\/index.php?rest_route=\/wp\/v2\/posts"}],"about":[{"href":"https:\/\/hs-emsbueren.de\/index.php?rest_route=\/wp\/v2\/types\/post"}],"author":[{"embeddable":true,"href":"https:\/\/hs-emsbueren.de\/index.php?rest_route=\/wp\/v2\/users\/1"}],"replies":[{"embeddable":true,"href":"https:\/\/hs-emsbueren.de\/index.php?rest_route=%2Fwp%2Fv2%2Fcomments&post=6017"}],"version-history":[{"count":3,"href":"https:\/\/hs-emsbueren.de\/index.php?rest_route=\/wp\/v2\/posts\/6017\/revisions"}],"predecessor-version":[{"id":6021,"href":"https:\/\/hs-emsbueren.de\/index.php?rest_route=\/wp\/v2\/posts\/6017\/revisions\/6021"}],"wp:featuredmedia":[{"embeddable":true,"href":"https:\/\/hs-emsbueren.de\/index.php?rest_route=\/wp\/v2\/media\/6019"}],"wp:attachment":[{"href":"https:\/\/hs-emsbueren.de\/index.php?rest_route=%2Fwp%2Fv2%2Fmedia&parent=6017"}],"wp:term":[{"taxonomy":"category","embeddable":true,"href":"https:\/\/hs-emsbueren.de\/index.php?rest_route=%2Fwp%2Fv2%2Fcategories&post=6017"},{"taxonomy":"post_tag","embeddable":true,"href":"https:\/\/hs-emsbueren.de\/index.php?rest_route=%2Fwp%2Fv2%2Ftags&post=6017"}],"curies":[{"name":"wp","href":"https:\/\/api.w.org\/{rel}","templated":true}]}}