{"id":6169,"date":"2026-09-01T12:43:54","date_gmt":"2026-09-01T10:43:54","guid":{"rendered":"https:\/\/hs-emsbueren.de\/?p=6169"},"modified":"2026-09-01T12:49:59","modified_gmt":"2026-09-01T10:49:59","slug":"ausbildungsplatzboerse-mit-teilnehmer-rekord","status":"publish","type":"post","link":"https:\/\/hs-emsbueren.de\/?p=6169","title":{"rendered":"Ausbildungsplatzb\u00f6rse mit Teilnehmer-Rekord"},"content":{"rendered":"\n<p>Die diesj\u00e4hrige 12. Emsb\u00fcrener Ausbildungsplatzb\u00f6rse am Donnerstag, 27. August war von Sch\u00fclerinnen und Sch\u00fclern, sowie von Eltern, Erziehungsberechtigten und Interessierten sehr gut besucht. Bei hochsommerlichen Temperaturen fanden sich insgesamt 46 Unternehmen, Einrichtungen &amp; Schulen im Ganztagsbereich der <strong><mark style=\"background-color:rgba(0, 0, 0, 0)\" class=\"has-inline-color has-luminous-vivid-amber-color\">H<\/mark><mark style=\"background-color:rgba(0, 0, 0, 0)\" class=\"has-inline-color has-vivid-cyan-blue-color\">S<\/mark><mark style=\"background-color:rgba(0, 0, 0, 0)\" class=\"has-inline-color has-vivid-red-color\">E<\/mark><\/strong>, sowie in der Aula und im Wintergarten der Liudger-Realschule ein und pr\u00e4sentierten ihre Angebote und Bildungsg\u00e4nge.<\/p>\n\n\n\n<figure class=\"wp-block-image size-large\"><img loading=\"lazy\" decoding=\"async\" width=\"1024\" height=\"578\" src=\"https:\/\/hs-emsbueren.de\/wp-content\/uploads\/2026\/09\/4-1024x578.jpg\" alt=\"\" class=\"wp-image-6172\" srcset=\"https:\/\/hs-emsbueren.de\/wp-content\/uploads\/2026\/09\/4-1024x578.jpg 1024w, https:\/\/hs-emsbueren.de\/wp-content\/uploads\/2026\/09\/4-300x169.jpg 300w, https:\/\/hs-emsbueren.de\/wp-content\/uploads\/2026\/09\/4-768x433.jpg 768w, https:\/\/hs-emsbueren.de\/wp-content\/uploads\/2026\/09\/4-1536x866.jpg 1536w, https:\/\/hs-emsbueren.de\/wp-content\/uploads\/2026\/09\/4-400x226.jpg 400w, https:\/\/hs-emsbueren.de\/wp-content\/uploads\/2026\/09\/4.jpg 2000w\" sizes=\"auto, (max-width: 1024px) 100vw, 1024px\" \/><\/figure>\n\n\n\n<figure class=\"wp-block-image size-large\"><img loading=\"lazy\" decoding=\"async\" width=\"1024\" height=\"578\" src=\"https:\/\/hs-emsbueren.de\/wp-content\/uploads\/2026\/09\/5-1024x578.jpg\" alt=\"\" class=\"wp-image-6173\" srcset=\"https:\/\/hs-emsbueren.de\/wp-content\/uploads\/2026\/09\/5-1024x578.jpg 1024w, https:\/\/hs-emsbueren.de\/wp-content\/uploads\/2026\/09\/5-300x169.jpg 300w, https:\/\/hs-emsbueren.de\/wp-content\/uploads\/2026\/09\/5-768x433.jpg 768w, https:\/\/hs-emsbueren.de\/wp-content\/uploads\/2026\/09\/5-1536x866.jpg 1536w, https:\/\/hs-emsbueren.de\/wp-content\/uploads\/2026\/09\/5-400x226.jpg 400w, https:\/\/hs-emsbueren.de\/wp-content\/uploads\/2026\/09\/5.jpg 2000w\" sizes=\"auto, (max-width: 1024px) 100vw, 1024px\" \/><\/figure>\n\n\n\n<figure class=\"wp-block-image size-large\"><img loading=\"lazy\" decoding=\"async\" width=\"1024\" height=\"578\" src=\"https:\/\/hs-emsbueren.de\/wp-content\/uploads\/2026\/09\/1-1024x578.jpg\" alt=\"\" class=\"wp-image-6174\" srcset=\"https:\/\/hs-emsbueren.de\/wp-content\/uploads\/2026\/09\/1-1024x578.jpg 1024w, https:\/\/hs-emsbueren.de\/wp-content\/uploads\/2026\/09\/1-300x169.jpg 300w, https:\/\/hs-emsbueren.de\/wp-content\/uploads\/2026\/09\/1-768x433.jpg 768w, https:\/\/hs-emsbueren.de\/wp-content\/uploads\/2026\/09\/1-1536x866.jpg 1536w, https:\/\/hs-emsbueren.de\/wp-content\/uploads\/2026\/09\/1-400x226.jpg 400w, https:\/\/hs-emsbueren.de\/wp-content\/uploads\/2026\/09\/1.jpg 2000w\" sizes=\"auto, (max-width: 1024px) 100vw, 1024px\" \/><\/figure>\n\n\n\n<figure class=\"wp-block-image size-large\"><img loading=\"lazy\" decoding=\"async\" width=\"1024\" height=\"578\" src=\"https:\/\/hs-emsbueren.de\/wp-content\/uploads\/2026\/09\/2-1024x578.jpg\" alt=\"\" class=\"wp-image-6175\" srcset=\"https:\/\/hs-emsbueren.de\/wp-content\/uploads\/2026\/09\/2-1024x578.jpg 1024w, https:\/\/hs-emsbueren.de\/wp-content\/uploads\/2026\/09\/2-300x169.jpg 300w, https:\/\/hs-emsbueren.de\/wp-content\/uploads\/2026\/09\/2-768x433.jpg 768w, https:\/\/hs-emsbueren.de\/wp-content\/uploads\/2026\/09\/2-1536x866.jpg 1536w, https:\/\/hs-emsbueren.de\/wp-content\/uploads\/2026\/09\/2-400x226.jpg 400w, https:\/\/hs-emsbueren.de\/wp-content\/uploads\/2026\/09\/2.jpg 2000w\" sizes=\"auto, (max-width: 1024px) 100vw, 1024px\" \/><\/figure>\n\n\n\n<figure class=\"wp-block-image size-large\"><img loading=\"lazy\" decoding=\"async\" width=\"1024\" height=\"724\" src=\"https:\/\/hs-emsbueren.de\/wp-content\/uploads\/2026\/09\/Lageplan-GT-1024x724.png\" alt=\"\" class=\"wp-image-6178\" srcset=\"https:\/\/hs-emsbueren.de\/wp-content\/uploads\/2026\/09\/Lageplan-GT-1024x724.png 1024w, https:\/\/hs-emsbueren.de\/wp-content\/uploads\/2026\/09\/Lageplan-GT-300x212.png 300w, https:\/\/hs-emsbueren.de\/wp-content\/uploads\/2026\/09\/Lageplan-GT-768x543.png 768w, https:\/\/hs-emsbueren.de\/wp-content\/uploads\/2026\/09\/Lageplan-GT-1536x1086.png 1536w, https:\/\/hs-emsbueren.de\/wp-content\/uploads\/2026\/09\/Lageplan-GT-400x283.png 400w, https:\/\/hs-emsbueren.de\/wp-content\/uploads\/2026\/09\/Lageplan-GT.png 1754w\" sizes=\"auto, (max-width: 1024px) 100vw, 1024px\" \/><\/figure>\n\n\n\n<figure class=\"wp-block-image size-large\"><img loading=\"lazy\" decoding=\"async\" width=\"724\" height=\"1024\" src=\"https:\/\/hs-emsbueren.de\/wp-content\/uploads\/2026\/09\/Lageplan-RS-1-724x1024.png\" alt=\"\" class=\"wp-image-6179\" srcset=\"https:\/\/hs-emsbueren.de\/wp-content\/uploads\/2026\/09\/Lageplan-RS-1-724x1024.png 724w, https:\/\/hs-emsbueren.de\/wp-content\/uploads\/2026\/09\/Lageplan-RS-1-212x300.png 212w, https:\/\/hs-emsbueren.de\/wp-content\/uploads\/2026\/09\/Lageplan-RS-1-768x1086.png 768w, https:\/\/hs-emsbueren.de\/wp-content\/uploads\/2026\/09\/Lageplan-RS-1-1086x1536.png 1086w, https:\/\/hs-emsbueren.de\/wp-content\/uploads\/2026\/09\/Lageplan-RS-1.png 1240w\" sizes=\"auto, (max-width: 724px) 100vw, 724px\" \/><\/figure>\n","protected":false},"excerpt":{"rendered":"<p>Die diesj\u00e4hrige 12. Emsb\u00fcrener Ausbildungsplatzb\u00f6rse am Donnerstag, 27. August war von Sch\u00fclerinnen und Sch\u00fclern, sowie von Eltern, Erziehungsberechtigten und Interessierten sehr gut besucht. Bei hochsommerlichen Temperaturen fanden sich insgesamt 46 Unternehmen, Einrichtungen &amp; Schulen im Ganztagsbereich der HSE, sowie in der Aula und im Wintergarten der Liudger-Realschule ein und pr\u00e4sentierten ihre Angebote und Bildungsg\u00e4nge.<\/p>\n","protected":false},"author":1,"featured_media":6171,"comment_status":"closed","ping_status":"closed","sticky":false,"template":"","format":"standard","meta":{"ngg_post_thumbnail":0,"footnotes":""},"categories":[12,10],"tags":[],"class_list":["post-6169","post","type-post","status-publish","format-standard","has-post-thumbnail","hentry","category-berufliche-orientierung","category-veranstaltungen"],"_links":{"self":[{"href":"https:\/\/hs-emsbueren.de\/index.php?rest_route=\/wp\/v2\/posts\/6169","targetHints":{"allow":["GET"]}}],"collection":[{"href":"https:\/\/hs-emsbueren.de\/index.php?rest_route=\/wp\/v2\/posts"}],"about":[{"href":"https:\/\/hs-emsbueren.de\/index.php?rest_route=\/wp\/v2\/types\/post"}],"author":[{"embeddable":true,"href":"https:\/\/hs-emsbueren.de\/index.php?rest_route=\/wp\/v2\/users\/1"}],"replies":[{"embeddable":true,"href":"https:\/\/hs-emsbueren.de\/index.php?rest_route=%2Fwp%2Fv2%2Fcomments&post=6169"}],"version-history":[{"count":3,"href":"https:\/\/hs-emsbueren.de\/index.php?rest_route=\/wp\/v2\/posts\/6169\/revisions"}],"predecessor-version":[{"id":6180,"href":"https:\/\/hs-emsbueren.de\/index.php?rest_route=\/wp\/v2\/posts\/6169\/revisions\/6180"}],"wp:featuredmedia":[{"embeddable":true,"href":"https:\/\/hs-emsbueren.de\/index.php?rest_route=\/wp\/v2\/media\/6171"}],"wp:attachment":[{"href":"https:\/\/hs-emsbueren.de\/index.php?rest_route=%2Fwp%2Fv2%2Fmedia&parent=6169"}],"wp:term":[{"taxonomy":"category","embeddable":true,"href":"https:\/\/hs-emsbueren.de\/index.php?rest_route=%2Fwp%2Fv2%2Fcategories&post=6169"},{"taxonomy":"post_tag","embeddable":true,"href":"https:\/\/hs-emsbueren.de\/index.php?rest_route=%2Fwp%2Fv2%2Ftags&post=6169"}],"curies":[{"name":"wp","href":"https:\/\/api.w.org\/{rel}","templated":true}]}}