{"id":714,"date":"2020-05-20T06:40:15","date_gmt":"2020-05-20T06:40:15","guid":{"rendered":"http:\/\/hsemsbueren.de\/?p=714"},"modified":"2020-05-20T06:40:16","modified_gmt":"2020-05-20T06:40:16","slug":"wir-vermissen-euch","status":"publish","type":"post","link":"https:\/\/hs-emsbueren.de\/?p=714","title":{"rendered":"Wir vermissen euch!"},"content":{"rendered":"\n<figure class=\"wp-block-image size-large is-resized\"><img loading=\"lazy\" decoding=\"async\" src=\"http:\/\/hsemsbueren.de\/wp-content\/uploads\/2020\/05\/Wir-vermissen-euch-1024x585.png\" alt=\"\" class=\"wp-image-715\" width=\"685\" height=\"391\" srcset=\"https:\/\/hs-emsbueren.de\/wp-content\/uploads\/2020\/05\/Wir-vermissen-euch-1024x585.png 1024w, https:\/\/hs-emsbueren.de\/wp-content\/uploads\/2020\/05\/Wir-vermissen-euch-300x172.png 300w, https:\/\/hs-emsbueren.de\/wp-content\/uploads\/2020\/05\/Wir-vermissen-euch-768x439.png 768w, https:\/\/hs-emsbueren.de\/wp-content\/uploads\/2020\/05\/Wir-vermissen-euch-400x229.png 400w, https:\/\/hs-emsbueren.de\/wp-content\/uploads\/2020\/05\/Wir-vermissen-euch.png 1053w\" sizes=\"auto, (max-width: 685px) 100vw, 685px\" \/><\/figure>\n\n\n\n<p>Seit ein paar Wochen l\u00e4uft der Schulbetrieb wieder ganz langsam an. Bis jetzt haben sich hier die Abschlusssch\u00fcler auf ihre Pr\u00fcfungen vorbereitet. Nach und nach werden die einzelnen Jahrg\u00e4nge wieder in den Unterricht einsteigen. Alle Beteiligten werden rechtzeitig benachrichtigt. Wir freuen uns, alle gesund wieder in der Schule begr\u00fc\u00dfen zu d\u00fcrfen!<\/p>\n","protected":false},"excerpt":{"rendered":"<p>Seit ein paar Wochen l\u00e4uft der Schulbetrieb wieder ganz langsam an. Bis jetzt haben sich hier die Abschlusssch\u00fcler auf ihre Pr\u00fcfungen vorbereitet. Nach und nach werden die einzelnen Jahrg\u00e4nge wieder in den Unterricht einsteigen. Alle Beteiligten werden rechtzeitig benachrichtigt. Wir freuen uns, alle gesund wieder in der Schule begr\u00fc\u00dfen zu d\u00fcrfen!<\/p>\n","protected":false},"author":1,"featured_media":0,"comment_status":"closed","ping_status":"open","sticky":false,"template":"","format":"standard","meta":{"ngg_post_thumbnail":0,"footnotes":""},"categories":[4],"tags":[],"class_list":["post-714","post","type-post","status-publish","format-standard","hentry","category-corona-covid-19"],"_links":{"self":[{"href":"https:\/\/hs-emsbueren.de\/index.php?rest_route=\/wp\/v2\/posts\/714","targetHints":{"allow":["GET"]}}],"collection":[{"href":"https:\/\/hs-emsbueren.de\/index.php?rest_route=\/wp\/v2\/posts"}],"about":[{"href":"https:\/\/hs-emsbueren.de\/index.php?rest_route=\/wp\/v2\/types\/post"}],"author":[{"embeddable":true,"href":"https:\/\/hs-emsbueren.de\/index.php?rest_route=\/wp\/v2\/users\/1"}],"replies":[{"embeddable":true,"href":"https:\/\/hs-emsbueren.de\/index.php?rest_route=%2Fwp%2Fv2%2Fcomments&post=714"}],"version-history":[{"count":2,"href":"https:\/\/hs-emsbueren.de\/index.php?rest_route=\/wp\/v2\/posts\/714\/revisions"}],"predecessor-version":[{"id":717,"href":"https:\/\/hs-emsbueren.de\/index.php?rest_route=\/wp\/v2\/posts\/714\/revisions\/717"}],"wp:attachment":[{"href":"https:\/\/hs-emsbueren.de\/index.php?rest_route=%2Fwp%2Fv2%2Fmedia&parent=714"}],"wp:term":[{"taxonomy":"category","embeddable":true,"href":"https:\/\/hs-emsbueren.de\/index.php?rest_route=%2Fwp%2Fv2%2Fcategories&post=714"},{"taxonomy":"post_tag","embeddable":true,"href":"https:\/\/hs-emsbueren.de\/index.php?rest_route=%2Fwp%2Fv2%2Ftags&post=714"}],"curies":[{"name":"wp","href":"https:\/\/api.w.org\/{rel}","templated":true}]}}